{"id":4787,"date":"2018-02-15T12:45:54","date_gmt":"2018-02-15T11:45:54","guid":{"rendered":"http:\/\/www.kiew.org\/news\/?p=4787"},"modified":"2019-05-11T12:10:54","modified_gmt":"2019-05-11T10:10:54","slug":"kiew-live-in-ilmenau-am-2-maerz-2018","status":"publish","type":"post","link":"https:\/\/www.kiew.org\/news\/kiew-patientenakten-2018\/kiew-live-in-ilmenau-am-2-maerz-2018-02-15\/","title":{"rendered":"KiEw live in Ilmenau am 2. M\u00e4rz 2018"},"content":{"rendered":"<p>Am Freitag, den 2. M\u00e4rz 2018 spielen wir nach 19 Jahren mal wieder im bi-club in Ilmenau! Mit im Gep\u00e4ck als Liveunterst\u00fctzung und zweiten Act an dem Abend haben wir Dr. Nexus, der auch schon Anfang des Monats beim 27 Jahre KiEw Jubil\u00e4umsfest mit dabei war (als Ersatz f\u00fcr die ausgefallenen THDN). <\/p>\n<p>Wir freuen uns ganz besonders, wieder in Ilmenau zu spielen, zumal die Erinnerung an das Konzert 1999 aus diversen nicht zu benennenden Gr\u00fcnden leicht vernebelt ist. Als Erinnerung blieb aber neben einer Erk\u00e4ltung, Kopfschmerzen und Fischer-Technik zumindest die super Betreuung im bi-club im Ged\u00e4chtnis!<\/p>\n<p>Zu diesem Konzert erschien auch 1999 die &#8222;Aas, 500m&#8220; in einer auf 25 St\u00fcck limitierten Ilmenau Version: <a href=\"https:\/\/www.discogs.com\/de\/KiEw-Aas-500m-Ilmenau-Edition\/release\/812319\" rel=\"noopener noreferrer\" target=\"_blank\">Link auf discogs.com<\/a><\/p>\n<p><strong>Live in Ilmenau: Dr. Nexus &#038; KiEw<\/strong><\/p>\n<p>Freitag, 02.03.2018<br \/>\n22 Uhr<\/p>\n<p>KiEw<br \/>\nDr. Nexus<\/p>\n<p>bi-club<br \/>\nMax-Planck-Ring 4<br \/>\n98693 Ilmenau<\/p>\n<p>Lineup:<br \/>\nKiEw<br \/>\nDr. Nexus<\/p>\n<p>FB Eventlink: <a href=\"https:\/\/www.facebook.com\/events\/570145996688041\/\" rel=\"noopener noreferrer\" target=\"_blank\">Klick<\/a><\/p>\n<p>After 19 years we will be back in Ilmenau once again. On Friday, March 2nd, 2018, we will play at the bi-club together with Dr. Nexus.<\/p>\n<p><img loading=\"lazy\" decoding=\"async\" src=\"http:\/\/www.kiew.org\/news\/wp-content\/uploads\/2018\/02\/kiew_ilmenau_2018.jpg\" alt=\"\" width=\"971\" height=\"559\" class=\"alignnone size-full wp-image-4718\" srcset=\"https:\/\/www.kiew.org\/news\/wp-content\/uploads\/2018\/02\/kiew_ilmenau_2018.jpg 971w, https:\/\/www.kiew.org\/news\/wp-content\/uploads\/2018\/02\/kiew_ilmenau_2018-559x322.jpg 559w, https:\/\/www.kiew.org\/news\/wp-content\/uploads\/2018\/02\/kiew_ilmenau_2018-768x442.jpg 768w\" sizes=\"auto, (max-width: 971px) 100vw, 971px\" \/><\/p>\n","protected":false},"excerpt":{"rendered":"<p>Am Freitag, den 2. M\u00e4rz 2018 spielen wir nach 19 Jahren mal wieder im bi-club in Ilmenau! Mit im Gep\u00e4ck als Liveunterst\u00fctzung und zweiten Act an dem Abend haben wir Dr. Nexus, der auch schon Anfang des Monats beim 27 Jahre KiEw Jubil\u00e4umsfest mit dabei war (als Ersatz f\u00fcr die ausgefallenen THDN). Wir freuen uns ganz besonders, wieder in Ilmenau zu spielen, zumal die Erinnerung an das Konzert 1999 aus diversen nicht zu benennenden Gr\u00fcnden leicht vernebelt ist. Als Erinnerung [&hellip;]<\/p>\n","protected":false},"author":2,"featured_media":4718,"comment_status":"closed","ping_status":"closed","sticky":false,"template":"","format":"standard","meta":{"_acf_changed":false,"ngg_post_thumbnail":0,"footnotes":""},"categories":[23],"tags":[755,756,753,754,3,49,42,43,757],"class_list":["post-4787","post","type-post","status-publish","format-standard","has-post-thumbnail","hentry","category-termine","tag-bi-club","tag-bi-studentenclub","tag-dr-nexus","tag-ilmenau","tag-kiew","tag-konzert","tag-live","tag-show","tag-tu-ilmenau"],"acf":[],"yoast_head":"<!-- This site is optimized with the Yoast SEO plugin v27.2 - https:\/\/yoast.com\/product\/yoast-seo-wordpress\/ -->\n<title>KiEw live in Ilmenau am 2. M\u00e4rz 2018 - KiEw<\/title>\n<meta name=\"robots\" content=\"index, follow, max-snippet:-1, max-image-preview:large, max-video-preview:-1\" \/>\n<link rel=\"canonical\" href=\"https:\/\/www.kiew.org\/news\/kiew-patientenakten-2018\/kiew-live-in-ilmenau-am-2-maerz-2018-02-15\/\" \/>\n<meta property=\"og:locale\" content=\"de_DE\" \/>\n<meta property=\"og:type\" content=\"article\" \/>\n<meta property=\"og:title\" content=\"KiEw live in Ilmenau am 2. M\u00e4rz 2018 - KiEw\" \/>\n<meta property=\"og:description\" content=\"Am Freitag, den 2. M\u00e4rz 2018 spielen wir nach 19 Jahren mal wieder im bi-club in Ilmenau! Mit im Gep\u00e4ck als Liveunterst\u00fctzung und zweiten Act an dem Abend haben wir Dr. Nexus, der auch schon Anfang des Monats beim 27 Jahre KiEw Jubil\u00e4umsfest mit dabei war (als Ersatz f\u00fcr die ausgefallenen THDN). Wir freuen uns ganz besonders, wieder in Ilmenau zu spielen, zumal die Erinnerung an das Konzert 1999 aus diversen nicht zu benennenden Gr\u00fcnden leicht vernebelt ist. Als Erinnerung [&hellip;]\" \/>\n<meta property=\"og:url\" content=\"https:\/\/www.kiew.org\/news\/kiew-patientenakten-2018\/kiew-live-in-ilmenau-am-2-maerz-2018-02-15\/\" \/>\n<meta property=\"og:site_name\" content=\"KiEw\" \/>\n<meta property=\"article:publisher\" content=\"https:\/\/www.facebook.com\/kiewofficial\/\" \/>\n<meta property=\"article:published_time\" content=\"2018-02-15T11:45:54+00:00\" \/>\n<meta property=\"article:modified_time\" content=\"2019-05-11T10:10:54+00:00\" \/>\n<meta property=\"og:image\" content=\"https:\/\/www.kiew.org\/news\/wp-content\/uploads\/2018\/02\/kiew_ilmenau_2018.jpg\" \/>\n\t<meta property=\"og:image:width\" content=\"971\" \/>\n\t<meta property=\"og:image:height\" content=\"559\" \/>\n\t<meta property=\"og:image:type\" content=\"image\/jpeg\" \/>\n<meta name=\"author\" content=\"mdw\" \/>\n<meta name=\"twitter:card\" content=\"summary_large_image\" \/>\n<meta name=\"twitter:creator\" content=\"@kiew\" \/>\n<meta name=\"twitter:site\" content=\"@kiew\" \/>\n<meta name=\"twitter:label1\" content=\"Verfasst von\" \/>\n\t<meta name=\"twitter:data1\" content=\"mdw\" \/>\n\t<meta name=\"twitter:label2\" content=\"Gesch\u00e4tzte Lesezeit\" \/>\n\t<meta name=\"twitter:data2\" content=\"1\u00a0Minute\" \/>\n<script type=\"application\/ld+json\" class=\"yoast-schema-graph\">{\"@context\":\"https:\/\/schema.org\",\"@graph\":[{\"@type\":\"Article\",\"@id\":\"https:\/\/www.kiew.org\/news\/kiew-patientenakten-2018\/kiew-live-in-ilmenau-am-2-maerz-2018-02-15\/#article\",\"isPartOf\":{\"@id\":\"https:\/\/www.kiew.org\/news\/kiew-patientenakten-2018\/kiew-live-in-ilmenau-am-2-maerz-2018-02-15\/\"},\"author\":{\"name\":\"mdw\",\"@id\":\"https:\/\/www.kiew.org\/news\/#\/schema\/person\/b1530e5dc633decb7ec215e89febe34a\"},\"headline\":\"KiEw live in Ilmenau am 2. M\u00e4rz 2018\",\"datePublished\":\"2018-02-15T11:45:54+00:00\",\"dateModified\":\"2019-05-11T10:10:54+00:00\",\"mainEntityOfPage\":{\"@id\":\"https:\/\/www.kiew.org\/news\/kiew-patientenakten-2018\/kiew-live-in-ilmenau-am-2-maerz-2018-02-15\/\"},\"wordCount\":171,\"image\":{\"@id\":\"https:\/\/www.kiew.org\/news\/kiew-patientenakten-2018\/kiew-live-in-ilmenau-am-2-maerz-2018-02-15\/#primaryimage\"},\"thumbnailUrl\":\"https:\/\/www.kiew.org\/news\/wp-content\/uploads\/2018\/02\/kiew_ilmenau_2018.jpg\",\"keywords\":[\"bi-club\",\"bi-studentenclub\",\"dr nexus\",\"ilmenau\",\"kiew\",\"konzert\",\"live\",\"show\",\"tu-ilmenau\"],\"articleSection\":[\"termine\"],\"inLanguage\":\"de\"},{\"@type\":\"WebPage\",\"@id\":\"https:\/\/www.kiew.org\/news\/kiew-patientenakten-2018\/kiew-live-in-ilmenau-am-2-maerz-2018-02-15\/\",\"url\":\"https:\/\/www.kiew.org\/news\/kiew-patientenakten-2018\/kiew-live-in-ilmenau-am-2-maerz-2018-02-15\/\",\"name\":\"KiEw live in Ilmenau am 2. M\u00e4rz 2018 - KiEw\",\"isPartOf\":{\"@id\":\"https:\/\/www.kiew.org\/news\/#website\"},\"primaryImageOfPage\":{\"@id\":\"https:\/\/www.kiew.org\/news\/kiew-patientenakten-2018\/kiew-live-in-ilmenau-am-2-maerz-2018-02-15\/#primaryimage\"},\"image\":{\"@id\":\"https:\/\/www.kiew.org\/news\/kiew-patientenakten-2018\/kiew-live-in-ilmenau-am-2-maerz-2018-02-15\/#primaryimage\"},\"thumbnailUrl\":\"https:\/\/www.kiew.org\/news\/wp-content\/uploads\/2018\/02\/kiew_ilmenau_2018.jpg\",\"datePublished\":\"2018-02-15T11:45:54+00:00\",\"dateModified\":\"2019-05-11T10:10:54+00:00\",\"author\":{\"@id\":\"https:\/\/www.kiew.org\/news\/#\/schema\/person\/b1530e5dc633decb7ec215e89febe34a\"},\"breadcrumb\":{\"@id\":\"https:\/\/www.kiew.org\/news\/kiew-patientenakten-2018\/kiew-live-in-ilmenau-am-2-maerz-2018-02-15\/#breadcrumb\"},\"inLanguage\":\"de\",\"potentialAction\":[{\"@type\":\"ReadAction\",\"target\":[\"https:\/\/www.kiew.org\/news\/kiew-patientenakten-2018\/kiew-live-in-ilmenau-am-2-maerz-2018-02-15\/\"]}]},{\"@type\":\"ImageObject\",\"inLanguage\":\"de\",\"@id\":\"https:\/\/www.kiew.org\/news\/kiew-patientenakten-2018\/kiew-live-in-ilmenau-am-2-maerz-2018-02-15\/#primaryimage\",\"url\":\"https:\/\/www.kiew.org\/news\/wp-content\/uploads\/2018\/02\/kiew_ilmenau_2018.jpg\",\"contentUrl\":\"https:\/\/www.kiew.org\/news\/wp-content\/uploads\/2018\/02\/kiew_ilmenau_2018.jpg\",\"width\":971,\"height\":559},{\"@type\":\"BreadcrumbList\",\"@id\":\"https:\/\/www.kiew.org\/news\/kiew-patientenakten-2018\/kiew-live-in-ilmenau-am-2-maerz-2018-02-15\/#breadcrumb\",\"itemListElement\":[{\"@type\":\"ListItem\",\"position\":1,\"name\":\"Startseite\",\"item\":\"https:\/\/www.kiew.org\/news\/\"},{\"@type\":\"ListItem\",\"position\":2,\"name\":\"KiEw live in Ilmenau am 2. M\u00e4rz 2018\"}]},{\"@type\":\"WebSite\",\"@id\":\"https:\/\/www.kiew.org\/news\/#website\",\"url\":\"https:\/\/www.kiew.org\/news\/\",\"name\":\"KiEw\",\"description\":\"Neuigkeiten aus der Anstalt\",\"potentialAction\":[{\"@type\":\"SearchAction\",\"target\":{\"@type\":\"EntryPoint\",\"urlTemplate\":\"https:\/\/www.kiew.org\/news\/?s={search_term_string}\"},\"query-input\":{\"@type\":\"PropertyValueSpecification\",\"valueRequired\":true,\"valueName\":\"search_term_string\"}}],\"inLanguage\":\"de\"},{\"@type\":\"Person\",\"@id\":\"https:\/\/www.kiew.org\/news\/#\/schema\/person\/b1530e5dc633decb7ec215e89febe34a\",\"name\":\"mdw\",\"sameAs\":[\"http:\/\/www.kiew.org\"]}]}<\/script>\n<!-- \/ Yoast SEO plugin. -->","yoast_head_json":{"title":"KiEw live in Ilmenau am 2. M\u00e4rz 2018 - KiEw","robots":{"index":"index","follow":"follow","max-snippet":"max-snippet:-1","max-image-preview":"max-image-preview:large","max-video-preview":"max-video-preview:-1"},"canonical":"https:\/\/www.kiew.org\/news\/kiew-patientenakten-2018\/kiew-live-in-ilmenau-am-2-maerz-2018-02-15\/","og_locale":"de_DE","og_type":"article","og_title":"KiEw live in Ilmenau am 2. M\u00e4rz 2018 - KiEw","og_description":"Am Freitag, den 2. M\u00e4rz 2018 spielen wir nach 19 Jahren mal wieder im bi-club in Ilmenau! Mit im Gep\u00e4ck als Liveunterst\u00fctzung und zweiten Act an dem Abend haben wir Dr. Nexus, der auch schon Anfang des Monats beim 27 Jahre KiEw Jubil\u00e4umsfest mit dabei war (als Ersatz f\u00fcr die ausgefallenen THDN). Wir freuen uns ganz besonders, wieder in Ilmenau zu spielen, zumal die Erinnerung an das Konzert 1999 aus diversen nicht zu benennenden Gr\u00fcnden leicht vernebelt ist. Als Erinnerung [&hellip;]","og_url":"https:\/\/www.kiew.org\/news\/kiew-patientenakten-2018\/kiew-live-in-ilmenau-am-2-maerz-2018-02-15\/","og_site_name":"KiEw","article_publisher":"https:\/\/www.facebook.com\/kiewofficial\/","article_published_time":"2018-02-15T11:45:54+00:00","article_modified_time":"2019-05-11T10:10:54+00:00","og_image":[{"width":971,"height":559,"url":"https:\/\/www.kiew.org\/news\/wp-content\/uploads\/2018\/02\/kiew_ilmenau_2018.jpg","type":"image\/jpeg"}],"author":"mdw","twitter_card":"summary_large_image","twitter_creator":"@kiew","twitter_site":"@kiew","twitter_misc":{"Verfasst von":"mdw","Gesch\u00e4tzte Lesezeit":"1\u00a0Minute"},"schema":{"@context":"https:\/\/schema.org","@graph":[{"@type":"Article","@id":"https:\/\/www.kiew.org\/news\/kiew-patientenakten-2018\/kiew-live-in-ilmenau-am-2-maerz-2018-02-15\/#article","isPartOf":{"@id":"https:\/\/www.kiew.org\/news\/kiew-patientenakten-2018\/kiew-live-in-ilmenau-am-2-maerz-2018-02-15\/"},"author":{"name":"mdw","@id":"https:\/\/www.kiew.org\/news\/#\/schema\/person\/b1530e5dc633decb7ec215e89febe34a"},"headline":"KiEw live in Ilmenau am 2. M\u00e4rz 2018","datePublished":"2018-02-15T11:45:54+00:00","dateModified":"2019-05-11T10:10:54+00:00","mainEntityOfPage":{"@id":"https:\/\/www.kiew.org\/news\/kiew-patientenakten-2018\/kiew-live-in-ilmenau-am-2-maerz-2018-02-15\/"},"wordCount":171,"image":{"@id":"https:\/\/www.kiew.org\/news\/kiew-patientenakten-2018\/kiew-live-in-ilmenau-am-2-maerz-2018-02-15\/#primaryimage"},"thumbnailUrl":"https:\/\/www.kiew.org\/news\/wp-content\/uploads\/2018\/02\/kiew_ilmenau_2018.jpg","keywords":["bi-club","bi-studentenclub","dr nexus","ilmenau","kiew","konzert","live","show","tu-ilmenau"],"articleSection":["termine"],"inLanguage":"de"},{"@type":"WebPage","@id":"https:\/\/www.kiew.org\/news\/kiew-patientenakten-2018\/kiew-live-in-ilmenau-am-2-maerz-2018-02-15\/","url":"https:\/\/www.kiew.org\/news\/kiew-patientenakten-2018\/kiew-live-in-ilmenau-am-2-maerz-2018-02-15\/","name":"KiEw live in Ilmenau am 2. M\u00e4rz 2018 - KiEw","isPartOf":{"@id":"https:\/\/www.kiew.org\/news\/#website"},"primaryImageOfPage":{"@id":"https:\/\/www.kiew.org\/news\/kiew-patientenakten-2018\/kiew-live-in-ilmenau-am-2-maerz-2018-02-15\/#primaryimage"},"image":{"@id":"https:\/\/www.kiew.org\/news\/kiew-patientenakten-2018\/kiew-live-in-ilmenau-am-2-maerz-2018-02-15\/#primaryimage"},"thumbnailUrl":"https:\/\/www.kiew.org\/news\/wp-content\/uploads\/2018\/02\/kiew_ilmenau_2018.jpg","datePublished":"2018-02-15T11:45:54+00:00","dateModified":"2019-05-11T10:10:54+00:00","author":{"@id":"https:\/\/www.kiew.org\/news\/#\/schema\/person\/b1530e5dc633decb7ec215e89febe34a"},"breadcrumb":{"@id":"https:\/\/www.kiew.org\/news\/kiew-patientenakten-2018\/kiew-live-in-ilmenau-am-2-maerz-2018-02-15\/#breadcrumb"},"inLanguage":"de","potentialAction":[{"@type":"ReadAction","target":["https:\/\/www.kiew.org\/news\/kiew-patientenakten-2018\/kiew-live-in-ilmenau-am-2-maerz-2018-02-15\/"]}]},{"@type":"ImageObject","inLanguage":"de","@id":"https:\/\/www.kiew.org\/news\/kiew-patientenakten-2018\/kiew-live-in-ilmenau-am-2-maerz-2018-02-15\/#primaryimage","url":"https:\/\/www.kiew.org\/news\/wp-content\/uploads\/2018\/02\/kiew_ilmenau_2018.jpg","contentUrl":"https:\/\/www.kiew.org\/news\/wp-content\/uploads\/2018\/02\/kiew_ilmenau_2018.jpg","width":971,"height":559},{"@type":"BreadcrumbList","@id":"https:\/\/www.kiew.org\/news\/kiew-patientenakten-2018\/kiew-live-in-ilmenau-am-2-maerz-2018-02-15\/#breadcrumb","itemListElement":[{"@type":"ListItem","position":1,"name":"Startseite","item":"https:\/\/www.kiew.org\/news\/"},{"@type":"ListItem","position":2,"name":"KiEw live in Ilmenau am 2. M\u00e4rz 2018"}]},{"@type":"WebSite","@id":"https:\/\/www.kiew.org\/news\/#website","url":"https:\/\/www.kiew.org\/news\/","name":"KiEw","description":"Neuigkeiten aus der Anstalt","potentialAction":[{"@type":"SearchAction","target":{"@type":"EntryPoint","urlTemplate":"https:\/\/www.kiew.org\/news\/?s={search_term_string}"},"query-input":{"@type":"PropertyValueSpecification","valueRequired":true,"valueName":"search_term_string"}}],"inLanguage":"de"},{"@type":"Person","@id":"https:\/\/www.kiew.org\/news\/#\/schema\/person\/b1530e5dc633decb7ec215e89febe34a","name":"mdw","sameAs":["http:\/\/www.kiew.org"]}]}},"_links":{"self":[{"href":"https:\/\/www.kiew.org\/news\/wp-json\/wp\/v2\/posts\/4787","targetHints":{"allow":["GET"]}}],"collection":[{"href":"https:\/\/www.kiew.org\/news\/wp-json\/wp\/v2\/posts"}],"about":[{"href":"https:\/\/www.kiew.org\/news\/wp-json\/wp\/v2\/types\/post"}],"author":[{"embeddable":true,"href":"https:\/\/www.kiew.org\/news\/wp-json\/wp\/v2\/users\/2"}],"replies":[{"embeddable":true,"href":"https:\/\/www.kiew.org\/news\/wp-json\/wp\/v2\/comments?post=4787"}],"version-history":[{"count":5,"href":"https:\/\/www.kiew.org\/news\/wp-json\/wp\/v2\/posts\/4787\/revisions"}],"predecessor-version":[{"id":5085,"href":"https:\/\/www.kiew.org\/news\/wp-json\/wp\/v2\/posts\/4787\/revisions\/5085"}],"wp:featuredmedia":[{"embeddable":true,"href":"https:\/\/www.kiew.org\/news\/wp-json\/wp\/v2\/media\/4718"}],"wp:attachment":[{"href":"https:\/\/www.kiew.org\/news\/wp-json\/wp\/v2\/media?parent=4787"}],"wp:term":[{"taxonomy":"category","embeddable":true,"href":"https:\/\/www.kiew.org\/news\/wp-json\/wp\/v2\/categories?post=4787"},{"taxonomy":"post_tag","embeddable":true,"href":"https:\/\/www.kiew.org\/news\/wp-json\/wp\/v2\/tags?post=4787"}],"curies":[{"name":"wp","href":"https:\/\/api.w.org\/{rel}","templated":true}]}}