{"id":4283,"date":"2016-08-16T19:07:04","date_gmt":"2016-08-16T17:07:04","guid":{"rendered":"http:\/\/www.kiew.org\/news\/?p=4283"},"modified":"2019-05-11T12:12:07","modified_gmt":"2019-05-11T10:12:07","slug":"25-jahre-kiew-jubilaeumsfest-2-in-leipzig","status":"publish","type":"post","link":"https:\/\/www.kiew.org\/news\/kiew-patientenakten-2016\/25-jahre-kiew-jubilaeumsfest-2-in-leipzig-08-16\/","title":{"rendered":"25 Jahre KiEw Jubil\u00e4umsfest 2 in Leipzig"},"content":{"rendered":"<p><img loading=\"lazy\" decoding=\"async\" src=\"http:\/\/www.kiew.org\/news\/wp-content\/uploads\/2016\/08\/fb_header_25jahrekiewjubifest2_leipzig.jpg\" alt=\"fb_header_25jahrekiewjubifest2_leipzig\" width=\"1400\" height=\"600\" class=\"alignnone size-full wp-image-4281\" srcset=\"https:\/\/www.kiew.org\/news\/wp-content\/uploads\/2016\/08\/fb_header_25jahrekiewjubifest2_leipzig.jpg 1400w, https:\/\/www.kiew.org\/news\/wp-content\/uploads\/2016\/08\/fb_header_25jahrekiewjubifest2_leipzig-559x240.jpg 559w, https:\/\/www.kiew.org\/news\/wp-content\/uploads\/2016\/08\/fb_header_25jahrekiewjubifest2_leipzig-768x329.jpg 768w, https:\/\/www.kiew.org\/news\/wp-content\/uploads\/2016\/08\/fb_header_25jahrekiewjubifest2_leipzig-1024x439.jpg 1024w, https:\/\/www.kiew.org\/news\/wp-content\/uploads\/2016\/08\/fb_header_25jahrekiewjubifest2_leipzig-800x343.jpg 800w, https:\/\/www.kiew.org\/news\/wp-content\/uploads\/2016\/08\/fb_header_25jahrekiewjubifest2_leipzig-50x21.jpg 50w\" sizes=\"auto, (max-width: 1400px) 100vw, 1400px\" \/><\/p>\n<p>Wir sind tats\u00e4chlich <strong>25 Jahre<\/strong> alt geworden und haben dieses Ereignis auch schon einmal geb\u00fchrend gro\u00df im Februar in Hamburg gefeiert. Aber wie sagt man so sch\u00f6n &#8222;<strong>ein Jubifest geht noch<\/strong>&#8220; und deshalb wird glatt noch mal mit einer <strong>Zugabe<\/strong> in <strong>Leipzig <\/strong>ordentlich nachgelegt. <\/p>\n<p>Wir haben also kurzerhand erneut zum H\u00f6rer gegriffen und wieder stapelweise Freunde aus dem Bandumfeld f\u00fcr die <strong>Fortsetzung des gro\u00dfen Jubil\u00e4umsfestes<\/strong> am Sonntag, den <strong>2. Oktober 2016<\/strong> (<strong>Vorfeiertag!<\/strong>) aktiviert. <\/p>\n<p>Die Reisegruppe KiEw kommt mit nicht weniger als 3 Bands von L\u00fcneburg nach Leipzig gefahren, doch auch Leipzig, Berlin, Magdeburg und sogar Freiburg sind vertreten, insgesamt stehen an diesem <strong>denkw\u00fcrdigen Abend<\/strong> nicht weniger als <strong>8 Bands<\/strong> plus <strong>3 DJs<\/strong> auf der B\u00fchne!<\/p>\n<p>Als Location f\u00fcr das Jubil\u00e4umsfest in <strong>Leipzig<\/strong> wurde die gute alte <strong>Moritzbastei<\/strong> auserkoren, nicht nur, weil wir hier schon sehr viel feuchtfr\u00f6hliche Abende erlebt haben, sondern nicht zuletzt weil hier bis in die fr\u00fchen Morgenstunden gefeiert werden kann! <\/p>\n<p>Wie auch schon in Hamburg, wird es an diesem Abend einen <strong>wilden genre\u00fcbergreifenden Musikmix<\/strong> geben &#8211; von <strong>8bit Electro-Punk<\/strong> \u00fcber <strong>DnB<\/strong>, <strong>Electro- &#038; Rhythm-Industrial<\/strong> und <strong>Techno<\/strong> bis hin zu <strong>Avantgarde<\/strong>, <strong>Dada<\/strong>, <strong>Noise<\/strong> und <strong>Zeugs<\/strong>! <\/p>\n<p>Vor Ort wird es die eine oder andere \u00dcberraschung und auch den einen oder anderen <strong>exklusiven<\/strong> und nur bei diesem Event erh\u00e4ltlichen <strong>Tontr\u00e4ger<\/strong> geben. <\/p>\n<p>Die T\u00fcren gehen um <strong>19 Uhr<\/strong> auf, los geht es zeitig um 19.30 Uhr. Der Unkostenbeitrag betr\u00e4gt im <strong>Vorverkauf 8,- Euro<\/strong> (Tickets bereits erh\u00e4ltlich: <a href=\"http:\/\/www.tixforgigs.com\/site\/Pages\/Shop\/ShowEvent.aspx?ID=16494\" target=\"_blank\" rel=\"noopener noreferrer\"><strong>LINK<\/strong><\/a>) und vor Ort an der <strong>Abendkasse 12,- Euro<\/strong> (erm\u00e4ssigt: 10,-Euro)! <\/p>\n<p><strong>25 JAHRE KIEW JUBIL\u00c4UMSFEST 2<\/strong><\/p>\n<p>Sonntag, 02.10.2016 (Vorfeiertag!)<br \/>\nEinlass 19.00h<br \/>\nBeginn 19.30h<\/p>\n<p>8 Euro VVK \/ 12 Euro AK (erm\u00e4ssigt: 10 Euro).<br \/>\nVorverkauf: <a href=\"http:\/\/www.tixforgigs.com\/site\/Pages\/Shop\/ShowEvent.aspx?ID=16494\" target=\"_blank\" rel=\"noopener noreferrer\"><strong>Tickets<\/strong><\/a><\/p>\n<p>Moritzbastei<br \/>\nUniversit\u00e4tsstra\u00dfe 9<br \/>\n04109 Leipzig<\/p>\n<p><strong>Lineup:<\/strong><\/p>\n<p>Live:<br \/>\n<strong>KiEw<\/strong> (Experimental Industrial, L\u00fcneburg)<br \/>\n<strong>Bj\u00f6rn Peng<\/strong> (Dark Rave, Freiburg)<br \/>\n<strong>Ben Bloodygrave<\/strong> (Punktronic Synthtunes, Berlin)<br \/>\n<strong>16Pad Noise Terrorist<\/strong> (Industrialized DnB, Magdeburg)<br \/>\n<strong>1979<\/strong> (Rhythmic Industrial, Leipzig)<br \/>\n<strong>Stanley Hottek<\/strong> (Techno, Leipzig)<br \/>\n<strong>Naomi Sample &#038; The Go Go Ghosts<\/strong> (8 bit Electro Punk, L\u00fcneburg)<br \/>\n<strong>Kotze im Einkaufswagen<\/strong> (Dada-Industrial Punk, L\u00fcneburg)<\/p>\n<p>DJs:<br \/>\n<strong>Aura Kamikura<\/strong> (Global Noise Movement,Magdeburg)<br \/>\n<strong>ANNdorphin<\/strong> (La Revolucion Industrial, Leipzig)<br \/>\n<strong>Rodney<\/strong> (Global Noise Movement, Leipzig)<\/p>\n<p>FB Event: <a href=\"https:\/\/www.facebook.com\/events\/135701470182300\/\" target=\"_blank\" rel=\"noopener noreferrer\"><strong>Facebook<\/strong><\/a><\/p>\n<p>English:<br \/>\nWe actually become <strong>25 years<\/strong> old and celebrated this anniversary with a large Jubil\u00e4umsfest in Hamburg back in February. As one says &#8222;<strong>one anniversary fest is not enough<\/strong>&#8220; we will give you an <strong>encore<\/strong> and therefore party a second time in <strong>Leipzig<\/strong> in a few weeks!<\/p>\n<p>So we grapped the phone and activated a whole bunch of friends for the <strong>second edition of the great anniversary<\/strong> fest on <strong>Sunday, October 2, 2016<\/strong> (pre-holiday in Germany).<\/p>\n<p>The KiEw tour group travels with 3 bands from L\u00fcneburg to Leipzig, but also Leipzig, Berlin, Magdeburg and even Freiburg are represented, with a total of no less than <strong>8 bands<\/strong> plus <strong>3 DJs<\/strong> on stage on this memorable evening!<\/p>\n<p>As venue for the anniversary celebrations in <strong>Leipzig<\/strong> the good old <strong>Moritzbastei<\/strong> was chosen, not only because we already experienced a lot of boozy evenings there, but also because you can party until the morning breaks at this venue!<\/p>\n<p>Same as in Hamburg you will get a wild cross-genre music mix on this night &#8211; from 8bit electro punk via DnB, Electro &#038; Rhythm-industrial and techno up to avantgarde, dada, noise and stuff!<\/p>\n<p>Some <strong>special surprises<\/strong> will happen the night and also at least one <strong>exclusive<\/strong> and only at this event available<strong>audio release<\/strong> will be there.<\/p>\n<p>The doors will open on <strong>7 pm<\/strong>, the first band starts in time on 7.30 pm. The participation fee will be <strong>8 Euros in advance<\/strong> (tickets already available: <a href=\"http:\/\/www.tixforgigs.com\/site\/Pages\/Shop\/ShowEvent.aspx?ID=16494\" target=\"_blank\" rel=\"noopener noreferrer\"><strong>LINK<\/strong><\/a>) and <strong>12 Euros at the door<\/strong> (reduced: 10, -Euros)<\/p>\n<p><img loading=\"lazy\" decoding=\"async\" src=\"http:\/\/www.kiew.org\/news\/wp-content\/uploads\/2016\/08\/25jahrekiewjubifest2_announcement.jpg\" alt=\"25jahrekiewjubifest2_announcement\" width=\"1024\" height=\"730\" class=\"alignnone size-full wp-image-4280\" srcset=\"https:\/\/www.kiew.org\/news\/wp-content\/uploads\/2016\/08\/25jahrekiewjubifest2_announcement.jpg 1024w, https:\/\/www.kiew.org\/news\/wp-content\/uploads\/2016\/08\/25jahrekiewjubifest2_announcement-559x399.jpg 559w, https:\/\/www.kiew.org\/news\/wp-content\/uploads\/2016\/08\/25jahrekiewjubifest2_announcement-768x548.jpg 768w, https:\/\/www.kiew.org\/news\/wp-content\/uploads\/2016\/08\/25jahrekiewjubifest2_announcement-800x570.jpg 800w, https:\/\/www.kiew.org\/news\/wp-content\/uploads\/2016\/08\/25jahrekiewjubifest2_announcement-50x36.jpg 50w\" sizes=\"auto, (max-width: 1024px) 100vw, 1024px\" \/><\/p>\n","protected":false},"excerpt":{"rendered":"<p><!--:de-->Es wird weiter gefeiert &#8211; am 2.10.2016 findet Teil 2 des 25 Jahre KiEw Jubil\u00e4umsfestes in Leipzig statt&#8230;<!--:--><!--:en-->The party continues &#8211; part 2 of the 25 years of KiEw anniversary fest will happen on Oct 2nd, 2016 in Leipzig&#8230;<!--:--><\/p>\n","protected":false},"author":2,"featured_media":4281,"comment_status":"closed","ping_status":"closed","sticky":false,"template":"","format":"standard","meta":{"_acf_changed":false,"ngg_post_thumbnail":0,"footnotes":""},"categories":[23],"tags":[662,237,678,677,529,37,527,32,528,3,625,69,42,222,486],"class_list":["post-4283","post","type-post","status-publish","format-standard","has-post-thumbnail","hentry","category-termine","tag-25-jahre","tag-anniversary","tag-ben-bloodygrave","tag-bjoern-peng","tag-fest","tag-festival","tag-jubifest","tag-jubilaum","tag-jubilaumsfest","tag-kiew","tag-kotze-im-einkaufswagen","tag-leipzig","tag-live","tag-moritzbastei","tag-naomi-sample-and-the-go-go-ghosts"],"acf":[],"yoast_head":"<!-- This site is optimized with the Yoast SEO plugin v27.2 - https:\/\/yoast.com\/product\/yoast-seo-wordpress\/ -->\n<title>25 Jahre KiEw Jubil\u00e4umsfest 2 in Leipzig - KiEw<\/title>\n<meta name=\"robots\" content=\"index, follow, max-snippet:-1, max-image-preview:large, max-video-preview:-1\" \/>\n<link rel=\"canonical\" href=\"https:\/\/www.kiew.org\/news\/kiew-patientenakten-2016\/25-jahre-kiew-jubilaeumsfest-2-in-leipzig-08-16\/\" \/>\n<meta property=\"og:locale\" content=\"de_DE\" \/>\n<meta property=\"og:type\" content=\"article\" \/>\n<meta property=\"og:title\" content=\"25 Jahre KiEw Jubil\u00e4umsfest 2 in Leipzig - KiEw\" \/>\n<meta property=\"og:description\" content=\"Es wird weiter gefeiert - am 2.10.2016 findet Teil 2 des 25 Jahre KiEw Jubil\u00e4umsfestes in Leipzig statt...The party continues - part 2 of the 25 years of KiEw anniversary fest will happen on Oct 2nd, 2016 in Leipzig...\" \/>\n<meta property=\"og:url\" content=\"https:\/\/www.kiew.org\/news\/kiew-patientenakten-2016\/25-jahre-kiew-jubilaeumsfest-2-in-leipzig-08-16\/\" \/>\n<meta property=\"og:site_name\" content=\"KiEw\" \/>\n<meta property=\"article:publisher\" content=\"https:\/\/www.facebook.com\/kiewofficial\/\" \/>\n<meta property=\"article:published_time\" content=\"2016-08-16T17:07:04+00:00\" \/>\n<meta property=\"article:modified_time\" content=\"2019-05-11T10:12:07+00:00\" \/>\n<meta property=\"og:image\" content=\"https:\/\/www.kiew.org\/news\/wp-content\/uploads\/2016\/08\/fb_header_25jahrekiewjubifest2_leipzig.jpg\" \/>\n\t<meta property=\"og:image:width\" content=\"1400\" \/>\n\t<meta property=\"og:image:height\" content=\"600\" \/>\n\t<meta property=\"og:image:type\" content=\"image\/jpeg\" \/>\n<meta name=\"author\" content=\"mdw\" \/>\n<meta name=\"twitter:card\" content=\"summary_large_image\" \/>\n<meta name=\"twitter:creator\" content=\"@kiew\" \/>\n<meta name=\"twitter:site\" content=\"@kiew\" \/>\n<meta name=\"twitter:label1\" content=\"Verfasst von\" \/>\n\t<meta name=\"twitter:data1\" content=\"mdw\" \/>\n\t<meta name=\"twitter:label2\" content=\"Gesch\u00e4tzte Lesezeit\" \/>\n\t<meta name=\"twitter:data2\" content=\"3\u00a0Minuten\" \/>\n<script type=\"application\/ld+json\" class=\"yoast-schema-graph\">{\"@context\":\"https:\/\/schema.org\",\"@graph\":[{\"@type\":\"Article\",\"@id\":\"https:\/\/www.kiew.org\/news\/kiew-patientenakten-2016\/25-jahre-kiew-jubilaeumsfest-2-in-leipzig-08-16\/#article\",\"isPartOf\":{\"@id\":\"https:\/\/www.kiew.org\/news\/kiew-patientenakten-2016\/25-jahre-kiew-jubilaeumsfest-2-in-leipzig-08-16\/\"},\"author\":{\"name\":\"mdw\",\"@id\":\"https:\/\/www.kiew.org\/news\/#\/schema\/person\/b1530e5dc633decb7ec215e89febe34a\"},\"headline\":\"25 Jahre KiEw Jubil\u00e4umsfest 2 in Leipzig\",\"datePublished\":\"2016-08-16T17:07:04+00:00\",\"dateModified\":\"2019-05-11T10:12:07+00:00\",\"mainEntityOfPage\":{\"@id\":\"https:\/\/www.kiew.org\/news\/kiew-patientenakten-2016\/25-jahre-kiew-jubilaeumsfest-2-in-leipzig-08-16\/\"},\"wordCount\":597,\"image\":{\"@id\":\"https:\/\/www.kiew.org\/news\/kiew-patientenakten-2016\/25-jahre-kiew-jubilaeumsfest-2-in-leipzig-08-16\/#primaryimage\"},\"thumbnailUrl\":\"https:\/\/www.kiew.org\/news\/wp-content\/uploads\/2016\/08\/fb_header_25jahrekiewjubifest2_leipzig.jpg\",\"keywords\":[\"25 jahre\",\"anniversary\",\"ben bloodygrave\",\"bj\u00f6rn peng\",\"fest\",\"festival\",\"jubifest\",\"jubil\u00e4um\",\"jubil\u00e4umsfest\",\"kiew\",\"kotze im einkaufswagen\",\"leipzig\",\"live\",\"moritzbastei\",\"naomi sample and the go go ghosts\"],\"articleSection\":[\"termine\"],\"inLanguage\":\"de\"},{\"@type\":\"WebPage\",\"@id\":\"https:\/\/www.kiew.org\/news\/kiew-patientenakten-2016\/25-jahre-kiew-jubilaeumsfest-2-in-leipzig-08-16\/\",\"url\":\"https:\/\/www.kiew.org\/news\/kiew-patientenakten-2016\/25-jahre-kiew-jubilaeumsfest-2-in-leipzig-08-16\/\",\"name\":\"25 Jahre KiEw Jubil\u00e4umsfest 2 in Leipzig - KiEw\",\"isPartOf\":{\"@id\":\"https:\/\/www.kiew.org\/news\/#website\"},\"primaryImageOfPage\":{\"@id\":\"https:\/\/www.kiew.org\/news\/kiew-patientenakten-2016\/25-jahre-kiew-jubilaeumsfest-2-in-leipzig-08-16\/#primaryimage\"},\"image\":{\"@id\":\"https:\/\/www.kiew.org\/news\/kiew-patientenakten-2016\/25-jahre-kiew-jubilaeumsfest-2-in-leipzig-08-16\/#primaryimage\"},\"thumbnailUrl\":\"https:\/\/www.kiew.org\/news\/wp-content\/uploads\/2016\/08\/fb_header_25jahrekiewjubifest2_leipzig.jpg\",\"datePublished\":\"2016-08-16T17:07:04+00:00\",\"dateModified\":\"2019-05-11T10:12:07+00:00\",\"author\":{\"@id\":\"https:\/\/www.kiew.org\/news\/#\/schema\/person\/b1530e5dc633decb7ec215e89febe34a\"},\"breadcrumb\":{\"@id\":\"https:\/\/www.kiew.org\/news\/kiew-patientenakten-2016\/25-jahre-kiew-jubilaeumsfest-2-in-leipzig-08-16\/#breadcrumb\"},\"inLanguage\":\"de\",\"potentialAction\":[{\"@type\":\"ReadAction\",\"target\":[\"https:\/\/www.kiew.org\/news\/kiew-patientenakten-2016\/25-jahre-kiew-jubilaeumsfest-2-in-leipzig-08-16\/\"]}]},{\"@type\":\"ImageObject\",\"inLanguage\":\"de\",\"@id\":\"https:\/\/www.kiew.org\/news\/kiew-patientenakten-2016\/25-jahre-kiew-jubilaeumsfest-2-in-leipzig-08-16\/#primaryimage\",\"url\":\"https:\/\/www.kiew.org\/news\/wp-content\/uploads\/2016\/08\/fb_header_25jahrekiewjubifest2_leipzig.jpg\",\"contentUrl\":\"https:\/\/www.kiew.org\/news\/wp-content\/uploads\/2016\/08\/fb_header_25jahrekiewjubifest2_leipzig.jpg\",\"width\":1400,\"height\":600},{\"@type\":\"BreadcrumbList\",\"@id\":\"https:\/\/www.kiew.org\/news\/kiew-patientenakten-2016\/25-jahre-kiew-jubilaeumsfest-2-in-leipzig-08-16\/#breadcrumb\",\"itemListElement\":[{\"@type\":\"ListItem\",\"position\":1,\"name\":\"Startseite\",\"item\":\"https:\/\/www.kiew.org\/news\/\"},{\"@type\":\"ListItem\",\"position\":2,\"name\":\"25 Jahre KiEw Jubil\u00e4umsfest 2 in Leipzig\"}]},{\"@type\":\"WebSite\",\"@id\":\"https:\/\/www.kiew.org\/news\/#website\",\"url\":\"https:\/\/www.kiew.org\/news\/\",\"name\":\"KiEw\",\"description\":\"Neuigkeiten aus der Anstalt\",\"potentialAction\":[{\"@type\":\"SearchAction\",\"target\":{\"@type\":\"EntryPoint\",\"urlTemplate\":\"https:\/\/www.kiew.org\/news\/?s={search_term_string}\"},\"query-input\":{\"@type\":\"PropertyValueSpecification\",\"valueRequired\":true,\"valueName\":\"search_term_string\"}}],\"inLanguage\":\"de\"},{\"@type\":\"Person\",\"@id\":\"https:\/\/www.kiew.org\/news\/#\/schema\/person\/b1530e5dc633decb7ec215e89febe34a\",\"name\":\"mdw\",\"sameAs\":[\"http:\/\/www.kiew.org\"]}]}<\/script>\n<!-- \/ Yoast SEO plugin. -->","yoast_head_json":{"title":"25 Jahre KiEw Jubil\u00e4umsfest 2 in Leipzig - KiEw","robots":{"index":"index","follow":"follow","max-snippet":"max-snippet:-1","max-image-preview":"max-image-preview:large","max-video-preview":"max-video-preview:-1"},"canonical":"https:\/\/www.kiew.org\/news\/kiew-patientenakten-2016\/25-jahre-kiew-jubilaeumsfest-2-in-leipzig-08-16\/","og_locale":"de_DE","og_type":"article","og_title":"25 Jahre KiEw Jubil\u00e4umsfest 2 in Leipzig - KiEw","og_description":"Es wird weiter gefeiert - am 2.10.2016 findet Teil 2 des 25 Jahre KiEw Jubil\u00e4umsfestes in Leipzig statt...The party continues - part 2 of the 25 years of KiEw anniversary fest will happen on Oct 2nd, 2016 in Leipzig...","og_url":"https:\/\/www.kiew.org\/news\/kiew-patientenakten-2016\/25-jahre-kiew-jubilaeumsfest-2-in-leipzig-08-16\/","og_site_name":"KiEw","article_publisher":"https:\/\/www.facebook.com\/kiewofficial\/","article_published_time":"2016-08-16T17:07:04+00:00","article_modified_time":"2019-05-11T10:12:07+00:00","og_image":[{"width":1400,"height":600,"url":"https:\/\/www.kiew.org\/news\/wp-content\/uploads\/2016\/08\/fb_header_25jahrekiewjubifest2_leipzig.jpg","type":"image\/jpeg"}],"author":"mdw","twitter_card":"summary_large_image","twitter_creator":"@kiew","twitter_site":"@kiew","twitter_misc":{"Verfasst von":"mdw","Gesch\u00e4tzte Lesezeit":"3\u00a0Minuten"},"schema":{"@context":"https:\/\/schema.org","@graph":[{"@type":"Article","@id":"https:\/\/www.kiew.org\/news\/kiew-patientenakten-2016\/25-jahre-kiew-jubilaeumsfest-2-in-leipzig-08-16\/#article","isPartOf":{"@id":"https:\/\/www.kiew.org\/news\/kiew-patientenakten-2016\/25-jahre-kiew-jubilaeumsfest-2-in-leipzig-08-16\/"},"author":{"name":"mdw","@id":"https:\/\/www.kiew.org\/news\/#\/schema\/person\/b1530e5dc633decb7ec215e89febe34a"},"headline":"25 Jahre KiEw Jubil\u00e4umsfest 2 in Leipzig","datePublished":"2016-08-16T17:07:04+00:00","dateModified":"2019-05-11T10:12:07+00:00","mainEntityOfPage":{"@id":"https:\/\/www.kiew.org\/news\/kiew-patientenakten-2016\/25-jahre-kiew-jubilaeumsfest-2-in-leipzig-08-16\/"},"wordCount":597,"image":{"@id":"https:\/\/www.kiew.org\/news\/kiew-patientenakten-2016\/25-jahre-kiew-jubilaeumsfest-2-in-leipzig-08-16\/#primaryimage"},"thumbnailUrl":"https:\/\/www.kiew.org\/news\/wp-content\/uploads\/2016\/08\/fb_header_25jahrekiewjubifest2_leipzig.jpg","keywords":["25 jahre","anniversary","ben bloodygrave","bj\u00f6rn peng","fest","festival","jubifest","jubil\u00e4um","jubil\u00e4umsfest","kiew","kotze im einkaufswagen","leipzig","live","moritzbastei","naomi sample and the go go ghosts"],"articleSection":["termine"],"inLanguage":"de"},{"@type":"WebPage","@id":"https:\/\/www.kiew.org\/news\/kiew-patientenakten-2016\/25-jahre-kiew-jubilaeumsfest-2-in-leipzig-08-16\/","url":"https:\/\/www.kiew.org\/news\/kiew-patientenakten-2016\/25-jahre-kiew-jubilaeumsfest-2-in-leipzig-08-16\/","name":"25 Jahre KiEw Jubil\u00e4umsfest 2 in Leipzig - KiEw","isPartOf":{"@id":"https:\/\/www.kiew.org\/news\/#website"},"primaryImageOfPage":{"@id":"https:\/\/www.kiew.org\/news\/kiew-patientenakten-2016\/25-jahre-kiew-jubilaeumsfest-2-in-leipzig-08-16\/#primaryimage"},"image":{"@id":"https:\/\/www.kiew.org\/news\/kiew-patientenakten-2016\/25-jahre-kiew-jubilaeumsfest-2-in-leipzig-08-16\/#primaryimage"},"thumbnailUrl":"https:\/\/www.kiew.org\/news\/wp-content\/uploads\/2016\/08\/fb_header_25jahrekiewjubifest2_leipzig.jpg","datePublished":"2016-08-16T17:07:04+00:00","dateModified":"2019-05-11T10:12:07+00:00","author":{"@id":"https:\/\/www.kiew.org\/news\/#\/schema\/person\/b1530e5dc633decb7ec215e89febe34a"},"breadcrumb":{"@id":"https:\/\/www.kiew.org\/news\/kiew-patientenakten-2016\/25-jahre-kiew-jubilaeumsfest-2-in-leipzig-08-16\/#breadcrumb"},"inLanguage":"de","potentialAction":[{"@type":"ReadAction","target":["https:\/\/www.kiew.org\/news\/kiew-patientenakten-2016\/25-jahre-kiew-jubilaeumsfest-2-in-leipzig-08-16\/"]}]},{"@type":"ImageObject","inLanguage":"de","@id":"https:\/\/www.kiew.org\/news\/kiew-patientenakten-2016\/25-jahre-kiew-jubilaeumsfest-2-in-leipzig-08-16\/#primaryimage","url":"https:\/\/www.kiew.org\/news\/wp-content\/uploads\/2016\/08\/fb_header_25jahrekiewjubifest2_leipzig.jpg","contentUrl":"https:\/\/www.kiew.org\/news\/wp-content\/uploads\/2016\/08\/fb_header_25jahrekiewjubifest2_leipzig.jpg","width":1400,"height":600},{"@type":"BreadcrumbList","@id":"https:\/\/www.kiew.org\/news\/kiew-patientenakten-2016\/25-jahre-kiew-jubilaeumsfest-2-in-leipzig-08-16\/#breadcrumb","itemListElement":[{"@type":"ListItem","position":1,"name":"Startseite","item":"https:\/\/www.kiew.org\/news\/"},{"@type":"ListItem","position":2,"name":"25 Jahre KiEw Jubil\u00e4umsfest 2 in Leipzig"}]},{"@type":"WebSite","@id":"https:\/\/www.kiew.org\/news\/#website","url":"https:\/\/www.kiew.org\/news\/","name":"KiEw","description":"Neuigkeiten aus der Anstalt","potentialAction":[{"@type":"SearchAction","target":{"@type":"EntryPoint","urlTemplate":"https:\/\/www.kiew.org\/news\/?s={search_term_string}"},"query-input":{"@type":"PropertyValueSpecification","valueRequired":true,"valueName":"search_term_string"}}],"inLanguage":"de"},{"@type":"Person","@id":"https:\/\/www.kiew.org\/news\/#\/schema\/person\/b1530e5dc633decb7ec215e89febe34a","name":"mdw","sameAs":["http:\/\/www.kiew.org"]}]}},"_links":{"self":[{"href":"https:\/\/www.kiew.org\/news\/wp-json\/wp\/v2\/posts\/4283","targetHints":{"allow":["GET"]}}],"collection":[{"href":"https:\/\/www.kiew.org\/news\/wp-json\/wp\/v2\/posts"}],"about":[{"href":"https:\/\/www.kiew.org\/news\/wp-json\/wp\/v2\/types\/post"}],"author":[{"embeddable":true,"href":"https:\/\/www.kiew.org\/news\/wp-json\/wp\/v2\/users\/2"}],"replies":[{"embeddable":true,"href":"https:\/\/www.kiew.org\/news\/wp-json\/wp\/v2\/comments?post=4283"}],"version-history":[{"count":12,"href":"https:\/\/www.kiew.org\/news\/wp-json\/wp\/v2\/posts\/4283\/revisions"}],"predecessor-version":[{"id":5088,"href":"https:\/\/www.kiew.org\/news\/wp-json\/wp\/v2\/posts\/4283\/revisions\/5088"}],"wp:featuredmedia":[{"embeddable":true,"href":"https:\/\/www.kiew.org\/news\/wp-json\/wp\/v2\/media\/4281"}],"wp:attachment":[{"href":"https:\/\/www.kiew.org\/news\/wp-json\/wp\/v2\/media?parent=4283"}],"wp:term":[{"taxonomy":"category","embeddable":true,"href":"https:\/\/www.kiew.org\/news\/wp-json\/wp\/v2\/categories?post=4283"},{"taxonomy":"post_tag","embeddable":true,"href":"https:\/\/www.kiew.org\/news\/wp-json\/wp\/v2\/tags?post=4283"}],"curies":[{"name":"wp","href":"https:\/\/api.w.org\/{rel}","templated":true}]}}