{"id":4209,"date":"2015-12-15T09:33:24","date_gmt":"2015-12-15T08:33:24","guid":{"rendered":"http:\/\/www.kiew.org\/news\/?p=4209"},"modified":"2019-05-11T12:13:02","modified_gmt":"2019-05-11T10:13:02","slug":"25-jahre-kiew-jubilaeumsfest-die-details","status":"publish","type":"post","link":"https:\/\/www.kiew.org\/news\/kiew-patientenakten-2015\/25-jahre-kiew-jubilaeumsfest-die-details-12-15\/","title":{"rendered":"25 Jahre KiEw Jubil\u00e4umsfest &#8211; die Details"},"content":{"rendered":"<p><img loading=\"lazy\" decoding=\"async\" src=\"http:\/\/www.kiew.org\/news\/wp-content\/uploads\/2015\/12\/25jahrekiew_announcement_1024.jpg\" alt=\"25jahrekiew_announcement_1024\" width=\"1024\" height=\"730\" class=\"alignnone size-full wp-image-4206\" srcset=\"https:\/\/www.kiew.org\/news\/wp-content\/uploads\/2015\/12\/25jahrekiew_announcement_1024.jpg 1024w, https:\/\/www.kiew.org\/news\/wp-content\/uploads\/2015\/12\/25jahrekiew_announcement_1024-559x399.jpg 559w, https:\/\/www.kiew.org\/news\/wp-content\/uploads\/2015\/12\/25jahrekiew_announcement_1024-768x548.jpg 768w, https:\/\/www.kiew.org\/news\/wp-content\/uploads\/2015\/12\/25jahrekiew_announcement_1024-800x570.jpg 800w, https:\/\/www.kiew.org\/news\/wp-content\/uploads\/2015\/12\/25jahrekiew_announcement_1024-50x36.jpg 50w\" sizes=\"auto, (max-width: 1024px) 100vw, 1024px\" \/><\/p>\n<p>Wir werden tats\u00e4chlich <strong>25 Jahre<\/strong> alt! Um dieses Ereignis geb\u00fchrend zu feiern, haben wir kurzerhand zum H\u00f6rer gegriffen und stapelweise Freunde aus dem Bandumfeld f\u00fcr <strong>das gro\u00dfe Jubil\u00e4umsfest<\/strong> am Freitag, den <strong>19. Februar 2016<\/strong> aktiviert. Da Gro\u00dfereignisse auch immer ein wenig Gr\u00f6\u00dfenwahn voraussetzen, zelebrieren wir das Jubil\u00e4umsfest nicht in L\u00fcneburg, unserer beschaulichen Geburtsstadt, sondern in der f\u00fcr wahnwitzige Gro\u00dfprojekte bekannten Hansestadt <strong>Hamburg<\/strong>. Nicht weniger als <strong>9 Bands<\/strong> aus L\u00fcneburg und Hamburg, sowie auch aus Gl\u00fcckstadt, Bielefeld, Magdeburg und sogar Minsk\/Belarus (Ambassador21) kommen und erwarten die Ohren, Augen und Beine der Besucher. <strong>3 DJs<\/strong> werden im Anschluss den Abend nach dem intensiven Liveprogramm mit einer <strong>exzessiven Party<\/strong> bis in die fr\u00fchen Morgenstunden ausklingen lassen. Als Location wurde das daf\u00fcr mehr als perfekt passende <strong>Hafenklang<\/strong> auserkoren, dessen Mauern an diesem legend\u00e4ren Abend genre\u00fcbergreifend beschallt werden &#8211; von H\u00f6rspulponk, Fun Gothic und 8bit Electro-Punk \u00fcber DnB, Electro- &#038; Rhythm-Industrial und Digital-Hardcore bis hin zu Avantgarde, Dada, Noise und Zeugs!<br \/>\nVor Ort wird es die eine oder andere <strong>\u00dcberraschung<\/strong> und auch den einen oder anderen<strong> exklusiven<\/strong> und nur bei diesem Event erh\u00e4ltlichen <strong>Tontr\u00e4ger<\/strong> geben. Unsere Kollegen von <strong>Kotze im Einkaufswagen<\/strong> haben dieses Ereignis sogar als Releasedatum f\u00fcr Ihr Vinylalbum &#8222;Wundersch\u00f6n und unverf\u00e4lscht&#8220; erw\u00e4hlt! Die T\u00fcren \u00f6ffnen sich an dem Abend um <strong>19 Uhr<\/strong>, los geht es zeitig um 19.30 Uhr. Der Teilnahmebeitrag betr\u00e4gt im <strong>Vorverkauf 9,- Euro<\/strong> und vor Ort an der <strong>Abendkasse 12,- Euro<\/strong> (wenn es dann noch welche von den auf <strong>250 limitierten Karten <\/strong>gibt)! <\/p>\n<p><strong>25 JAHRE KIEW JUBIL\u00c4UMSFEST<\/strong><\/p>\n<p>Freitag, 19.02.2016<br \/>\nEinlass 19.00h<br \/>\nBeginn 19.30h<\/p>\n<p>9 \u20ac \/ 12 \u20ac<br \/>\nVorverkauf: <a href=\"http:\/\/www.ticketmaster.de\/event\/25-jahre-kiew-jubilaumsfest-tickets\/160229\" target=\"_blank\" rel=\"noopener noreferrer\"><strong>Tickets<\/strong><\/a><\/p>\n<p>Hafenklang<br \/>\nGrosse Elbstrasse 84<br \/>\n22767 Hamburg<\/p>\n<p>Lineup:<br \/>\n<strong>KiEw<\/strong> (Experimental Industrial, L\u00fcneburg)<br \/>\n<strong>Ambassador21<\/strong> (Industrial \/ Digital Hardcore, Minsk\/Belarus)<br \/>\n<strong>Synapscape<\/strong> (Rhythm Industrial, Bielefeld)<br \/>\n<strong>16Pad Noise Terrorist<\/strong> (Industrialized DnB, Magdeburg)<br \/>\n<strong>David Wallraf<\/strong> (Noise, Hamburg)<br \/>\n<strong>Naomi Sample &#038; The Go Go Ghosts<\/strong> (8 bit Electro Punk, L\u00fcneburg)<br \/>\n<strong>Kotze im Einkaufswagen<\/strong> (Dada-Industrial Punk, L\u00fcneburg)<br \/>\n<strong>Darth Frogger<\/strong> (Fun Gothic, L\u00fcneburg)<br \/>\n<strong>Sofortmusik<\/strong> (balladesker H\u00f6rspulponk, Gl\u00fcckstadt)<\/p>\n<p>We will be actually <strong>25 years<\/strong> old! To celebrate this event, we have picked up the phone and activated lots of friends for the <strong>big anniversary celebration<\/strong> on Friday, <strong>February 19th, 2016<\/strong>. Since major events always require a little megalomania, we do not celebrate the anniversary in L\u00fcneburg, our hometown, but in the city that is known for insane major projects &#8211; the Hanseatic city of <strong>Hamburg<\/strong>. Not less than <strong>9 bands<\/strong> from L\u00fcneburg and Hamburg, as well as from Gl\u00fcckstadt, Bielefeld, Magdeburg and even Minsk \/ Belarus (Ambassador21) will play and pleasure the the ears, eyes and legs of the visitors. After the intense live part <strong>3 djs<\/strong> will take over and will <strong>party excessively<\/strong> with you the rest of the night until the early morning hours. As a location the <strong>Hafenklang<\/strong> was chosen. The walls of the famous location wil reverberate <strong>across genres<\/strong> at this legendary evening &#8211; from H\u00f6rspulponk, Fun Gothic and 8bit Electro-Punk via DnB, Electro &#038; Rhythm-Industrial and Digital Hardcore to Avantgarde, Dada, Noise and stuff!<br \/>\nOne or more <strong>special surprises<\/strong> will happen the night and one or another <strong>exclusive<\/strong> and only at this event <strong>audio releases<\/strong> will be there. Our colleagues of <strong>Kotze im Enkaufswagen<\/strong> even have chosen this event as the release date for their <strong>vinyl album &#8222;Wundersch\u00f6n und unverf\u00e4lscht&#8220;<\/strong>.<br \/>\nThe doors will open on <strong>7 pm<\/strong>, the first band starts in time on 7.30 pm. The participation fee will be <strong>9 Euros in advance<\/strong> and <strong>12 Euros at the door<\/strong> (if there are any tickets left at that time). Limited to <strong>250 persons<\/strong>!<\/p>\n<p><img loading=\"lazy\" decoding=\"async\" src=\"http:\/\/www.kiew.org\/news\/wp-content\/uploads\/2015\/12\/25jahrekiew_flyer_800.jpg\" alt=\"25jahrekiew_flyer_800\" width=\"571\" height=\"800\" class=\"alignnone size-full wp-image-4205\" srcset=\"https:\/\/www.kiew.org\/news\/wp-content\/uploads\/2015\/12\/25jahrekiew_flyer_800.jpg 571w, https:\/\/www.kiew.org\/news\/wp-content\/uploads\/2015\/12\/25jahrekiew_flyer_800-399x559.jpg 399w, https:\/\/www.kiew.org\/news\/wp-content\/uploads\/2015\/12\/25jahrekiew_flyer_800-36x50.jpg 36w\" sizes=\"auto, (max-width: 571px) 100vw, 571px\" \/><\/p>\n","protected":false},"excerpt":{"rendered":"<p><!--:de-->Alle Details zum 25 Jahre KiEw Jubil\u00e4umsfest am 19.02.2016&#8230;<!--:--><!--:en-->All details regarding the 25 years of KiEw anniversary fest at Feb 19th, 2016&#8230;<!--:--><\/p>\n","protected":false},"author":2,"featured_media":4205,"comment_status":"closed","ping_status":"closed","sticky":false,"template":"","format":"standard","meta":{"_acf_changed":false,"ngg_post_thumbnail":0,"footnotes":""},"categories":[23],"tags":[666,662,665,664,237,542,667,529,37,484,39,527,32,528,3,625,42,486,589,663],"class_list":["post-4209","post","type-post","status-publish","format-standard","has-post-thumbnail","hentry","category-termine","tag-16pad-noise-terrorist","tag-25-jahre","tag-ambassador-21","tag-ambassador21","tag-anniversary","tag-darth-frogger","tag-david-wallraf","tag-fest","tag-festival","tag-hafenklang","tag-hamburg","tag-jubifest","tag-jubilaum","tag-jubilaumsfest","tag-kiew","tag-kotze-im-einkaufswagen","tag-live","tag-naomi-sample-and-the-go-go-ghosts","tag-sofortmusik","tag-synapscape"],"acf":[],"yoast_head":"<!-- This site is optimized with the Yoast SEO plugin v27.2 - https:\/\/yoast.com\/product\/yoast-seo-wordpress\/ -->\n<title>25 Jahre KiEw Jubil\u00e4umsfest - die Details - KiEw<\/title>\n<meta name=\"robots\" content=\"index, follow, max-snippet:-1, max-image-preview:large, max-video-preview:-1\" \/>\n<link rel=\"canonical\" href=\"https:\/\/www.kiew.org\/news\/kiew-patientenakten-2015\/25-jahre-kiew-jubilaeumsfest-die-details-12-15\/\" \/>\n<meta property=\"og:locale\" content=\"de_DE\" \/>\n<meta property=\"og:type\" content=\"article\" \/>\n<meta property=\"og:title\" content=\"25 Jahre KiEw Jubil\u00e4umsfest - die Details - KiEw\" \/>\n<meta property=\"og:description\" content=\"Alle Details zum 25 Jahre KiEw Jubil\u00e4umsfest am 19.02.2016...All details regarding the 25 years of KiEw anniversary fest at Feb 19th, 2016...\" \/>\n<meta property=\"og:url\" content=\"https:\/\/www.kiew.org\/news\/kiew-patientenakten-2015\/25-jahre-kiew-jubilaeumsfest-die-details-12-15\/\" \/>\n<meta property=\"og:site_name\" content=\"KiEw\" \/>\n<meta property=\"article:publisher\" content=\"https:\/\/www.facebook.com\/kiewofficial\/\" \/>\n<meta property=\"article:published_time\" content=\"2015-12-15T08:33:24+00:00\" \/>\n<meta property=\"article:modified_time\" content=\"2019-05-11T10:13:02+00:00\" \/>\n<meta property=\"og:image\" content=\"https:\/\/www.kiew.org\/news\/wp-content\/uploads\/2015\/12\/25jahrekiew_flyer_800.jpg\" \/>\n\t<meta property=\"og:image:width\" content=\"571\" \/>\n\t<meta property=\"og:image:height\" content=\"800\" \/>\n\t<meta property=\"og:image:type\" content=\"image\/jpeg\" \/>\n<meta name=\"author\" content=\"mdw\" \/>\n<meta name=\"twitter:card\" content=\"summary_large_image\" \/>\n<meta name=\"twitter:creator\" content=\"@kiew\" \/>\n<meta name=\"twitter:site\" content=\"@kiew\" \/>\n<meta name=\"twitter:label1\" content=\"Verfasst von\" \/>\n\t<meta name=\"twitter:data1\" content=\"mdw\" \/>\n\t<meta name=\"twitter:label2\" content=\"Gesch\u00e4tzte Lesezeit\" \/>\n\t<meta name=\"twitter:data2\" content=\"3\u00a0Minuten\" \/>\n<script type=\"application\/ld+json\" class=\"yoast-schema-graph\">{\"@context\":\"https:\/\/schema.org\",\"@graph\":[{\"@type\":\"Article\",\"@id\":\"https:\/\/www.kiew.org\/news\/kiew-patientenakten-2015\/25-jahre-kiew-jubilaeumsfest-die-details-12-15\/#article\",\"isPartOf\":{\"@id\":\"https:\/\/www.kiew.org\/news\/kiew-patientenakten-2015\/25-jahre-kiew-jubilaeumsfest-die-details-12-15\/\"},\"author\":{\"name\":\"mdw\",\"@id\":\"https:\/\/www.kiew.org\/news\/#\/schema\/person\/b1530e5dc633decb7ec215e89febe34a\"},\"headline\":\"25 Jahre KiEw Jubil\u00e4umsfest &#8211; die Details\",\"datePublished\":\"2015-12-15T08:33:24+00:00\",\"dateModified\":\"2019-05-11T10:13:02+00:00\",\"mainEntityOfPage\":{\"@id\":\"https:\/\/www.kiew.org\/news\/kiew-patientenakten-2015\/25-jahre-kiew-jubilaeumsfest-die-details-12-15\/\"},\"wordCount\":596,\"image\":{\"@id\":\"https:\/\/www.kiew.org\/news\/kiew-patientenakten-2015\/25-jahre-kiew-jubilaeumsfest-die-details-12-15\/#primaryimage\"},\"thumbnailUrl\":\"https:\/\/www.kiew.org\/news\/wp-content\/uploads\/2015\/12\/25jahrekiew_flyer_800.jpg\",\"keywords\":[\"16pad noise terrorist\",\"25 jahre\",\"ambassador 21\",\"ambassador21\",\"anniversary\",\"darth frogger\",\"david wallraf\",\"fest\",\"festival\",\"hafenklang\",\"hamburg\",\"jubifest\",\"jubil\u00e4um\",\"jubil\u00e4umsfest\",\"kiew\",\"kotze im einkaufswagen\",\"live\",\"naomi sample and the go go ghosts\",\"sofortmusik\",\"synapscape\"],\"articleSection\":[\"termine\"],\"inLanguage\":\"de\"},{\"@type\":\"WebPage\",\"@id\":\"https:\/\/www.kiew.org\/news\/kiew-patientenakten-2015\/25-jahre-kiew-jubilaeumsfest-die-details-12-15\/\",\"url\":\"https:\/\/www.kiew.org\/news\/kiew-patientenakten-2015\/25-jahre-kiew-jubilaeumsfest-die-details-12-15\/\",\"name\":\"25 Jahre KiEw Jubil\u00e4umsfest - die Details - KiEw\",\"isPartOf\":{\"@id\":\"https:\/\/www.kiew.org\/news\/#website\"},\"primaryImageOfPage\":{\"@id\":\"https:\/\/www.kiew.org\/news\/kiew-patientenakten-2015\/25-jahre-kiew-jubilaeumsfest-die-details-12-15\/#primaryimage\"},\"image\":{\"@id\":\"https:\/\/www.kiew.org\/news\/kiew-patientenakten-2015\/25-jahre-kiew-jubilaeumsfest-die-details-12-15\/#primaryimage\"},\"thumbnailUrl\":\"https:\/\/www.kiew.org\/news\/wp-content\/uploads\/2015\/12\/25jahrekiew_flyer_800.jpg\",\"datePublished\":\"2015-12-15T08:33:24+00:00\",\"dateModified\":\"2019-05-11T10:13:02+00:00\",\"author\":{\"@id\":\"https:\/\/www.kiew.org\/news\/#\/schema\/person\/b1530e5dc633decb7ec215e89febe34a\"},\"breadcrumb\":{\"@id\":\"https:\/\/www.kiew.org\/news\/kiew-patientenakten-2015\/25-jahre-kiew-jubilaeumsfest-die-details-12-15\/#breadcrumb\"},\"inLanguage\":\"de\",\"potentialAction\":[{\"@type\":\"ReadAction\",\"target\":[\"https:\/\/www.kiew.org\/news\/kiew-patientenakten-2015\/25-jahre-kiew-jubilaeumsfest-die-details-12-15\/\"]}]},{\"@type\":\"ImageObject\",\"inLanguage\":\"de\",\"@id\":\"https:\/\/www.kiew.org\/news\/kiew-patientenakten-2015\/25-jahre-kiew-jubilaeumsfest-die-details-12-15\/#primaryimage\",\"url\":\"https:\/\/www.kiew.org\/news\/wp-content\/uploads\/2015\/12\/25jahrekiew_flyer_800.jpg\",\"contentUrl\":\"https:\/\/www.kiew.org\/news\/wp-content\/uploads\/2015\/12\/25jahrekiew_flyer_800.jpg\",\"width\":571,\"height\":800},{\"@type\":\"BreadcrumbList\",\"@id\":\"https:\/\/www.kiew.org\/news\/kiew-patientenakten-2015\/25-jahre-kiew-jubilaeumsfest-die-details-12-15\/#breadcrumb\",\"itemListElement\":[{\"@type\":\"ListItem\",\"position\":1,\"name\":\"Startseite\",\"item\":\"https:\/\/www.kiew.org\/news\/\"},{\"@type\":\"ListItem\",\"position\":2,\"name\":\"25 Jahre KiEw Jubil\u00e4umsfest &#8211; die Details\"}]},{\"@type\":\"WebSite\",\"@id\":\"https:\/\/www.kiew.org\/news\/#website\",\"url\":\"https:\/\/www.kiew.org\/news\/\",\"name\":\"KiEw\",\"description\":\"Neuigkeiten aus der Anstalt\",\"potentialAction\":[{\"@type\":\"SearchAction\",\"target\":{\"@type\":\"EntryPoint\",\"urlTemplate\":\"https:\/\/www.kiew.org\/news\/?s={search_term_string}\"},\"query-input\":{\"@type\":\"PropertyValueSpecification\",\"valueRequired\":true,\"valueName\":\"search_term_string\"}}],\"inLanguage\":\"de\"},{\"@type\":\"Person\",\"@id\":\"https:\/\/www.kiew.org\/news\/#\/schema\/person\/b1530e5dc633decb7ec215e89febe34a\",\"name\":\"mdw\",\"sameAs\":[\"http:\/\/www.kiew.org\"]}]}<\/script>\n<!-- \/ Yoast SEO plugin. -->","yoast_head_json":{"title":"25 Jahre KiEw Jubil\u00e4umsfest - die Details - KiEw","robots":{"index":"index","follow":"follow","max-snippet":"max-snippet:-1","max-image-preview":"max-image-preview:large","max-video-preview":"max-video-preview:-1"},"canonical":"https:\/\/www.kiew.org\/news\/kiew-patientenakten-2015\/25-jahre-kiew-jubilaeumsfest-die-details-12-15\/","og_locale":"de_DE","og_type":"article","og_title":"25 Jahre KiEw Jubil\u00e4umsfest - die Details - KiEw","og_description":"Alle Details zum 25 Jahre KiEw Jubil\u00e4umsfest am 19.02.2016...All details regarding the 25 years of KiEw anniversary fest at Feb 19th, 2016...","og_url":"https:\/\/www.kiew.org\/news\/kiew-patientenakten-2015\/25-jahre-kiew-jubilaeumsfest-die-details-12-15\/","og_site_name":"KiEw","article_publisher":"https:\/\/www.facebook.com\/kiewofficial\/","article_published_time":"2015-12-15T08:33:24+00:00","article_modified_time":"2019-05-11T10:13:02+00:00","og_image":[{"width":571,"height":800,"url":"https:\/\/www.kiew.org\/news\/wp-content\/uploads\/2015\/12\/25jahrekiew_flyer_800.jpg","type":"image\/jpeg"}],"author":"mdw","twitter_card":"summary_large_image","twitter_creator":"@kiew","twitter_site":"@kiew","twitter_misc":{"Verfasst von":"mdw","Gesch\u00e4tzte Lesezeit":"3\u00a0Minuten"},"schema":{"@context":"https:\/\/schema.org","@graph":[{"@type":"Article","@id":"https:\/\/www.kiew.org\/news\/kiew-patientenakten-2015\/25-jahre-kiew-jubilaeumsfest-die-details-12-15\/#article","isPartOf":{"@id":"https:\/\/www.kiew.org\/news\/kiew-patientenakten-2015\/25-jahre-kiew-jubilaeumsfest-die-details-12-15\/"},"author":{"name":"mdw","@id":"https:\/\/www.kiew.org\/news\/#\/schema\/person\/b1530e5dc633decb7ec215e89febe34a"},"headline":"25 Jahre KiEw Jubil\u00e4umsfest &#8211; die Details","datePublished":"2015-12-15T08:33:24+00:00","dateModified":"2019-05-11T10:13:02+00:00","mainEntityOfPage":{"@id":"https:\/\/www.kiew.org\/news\/kiew-patientenakten-2015\/25-jahre-kiew-jubilaeumsfest-die-details-12-15\/"},"wordCount":596,"image":{"@id":"https:\/\/www.kiew.org\/news\/kiew-patientenakten-2015\/25-jahre-kiew-jubilaeumsfest-die-details-12-15\/#primaryimage"},"thumbnailUrl":"https:\/\/www.kiew.org\/news\/wp-content\/uploads\/2015\/12\/25jahrekiew_flyer_800.jpg","keywords":["16pad noise terrorist","25 jahre","ambassador 21","ambassador21","anniversary","darth frogger","david wallraf","fest","festival","hafenklang","hamburg","jubifest","jubil\u00e4um","jubil\u00e4umsfest","kiew","kotze im einkaufswagen","live","naomi sample and the go go ghosts","sofortmusik","synapscape"],"articleSection":["termine"],"inLanguage":"de"},{"@type":"WebPage","@id":"https:\/\/www.kiew.org\/news\/kiew-patientenakten-2015\/25-jahre-kiew-jubilaeumsfest-die-details-12-15\/","url":"https:\/\/www.kiew.org\/news\/kiew-patientenakten-2015\/25-jahre-kiew-jubilaeumsfest-die-details-12-15\/","name":"25 Jahre KiEw Jubil\u00e4umsfest - die Details - KiEw","isPartOf":{"@id":"https:\/\/www.kiew.org\/news\/#website"},"primaryImageOfPage":{"@id":"https:\/\/www.kiew.org\/news\/kiew-patientenakten-2015\/25-jahre-kiew-jubilaeumsfest-die-details-12-15\/#primaryimage"},"image":{"@id":"https:\/\/www.kiew.org\/news\/kiew-patientenakten-2015\/25-jahre-kiew-jubilaeumsfest-die-details-12-15\/#primaryimage"},"thumbnailUrl":"https:\/\/www.kiew.org\/news\/wp-content\/uploads\/2015\/12\/25jahrekiew_flyer_800.jpg","datePublished":"2015-12-15T08:33:24+00:00","dateModified":"2019-05-11T10:13:02+00:00","author":{"@id":"https:\/\/www.kiew.org\/news\/#\/schema\/person\/b1530e5dc633decb7ec215e89febe34a"},"breadcrumb":{"@id":"https:\/\/www.kiew.org\/news\/kiew-patientenakten-2015\/25-jahre-kiew-jubilaeumsfest-die-details-12-15\/#breadcrumb"},"inLanguage":"de","potentialAction":[{"@type":"ReadAction","target":["https:\/\/www.kiew.org\/news\/kiew-patientenakten-2015\/25-jahre-kiew-jubilaeumsfest-die-details-12-15\/"]}]},{"@type":"ImageObject","inLanguage":"de","@id":"https:\/\/www.kiew.org\/news\/kiew-patientenakten-2015\/25-jahre-kiew-jubilaeumsfest-die-details-12-15\/#primaryimage","url":"https:\/\/www.kiew.org\/news\/wp-content\/uploads\/2015\/12\/25jahrekiew_flyer_800.jpg","contentUrl":"https:\/\/www.kiew.org\/news\/wp-content\/uploads\/2015\/12\/25jahrekiew_flyer_800.jpg","width":571,"height":800},{"@type":"BreadcrumbList","@id":"https:\/\/www.kiew.org\/news\/kiew-patientenakten-2015\/25-jahre-kiew-jubilaeumsfest-die-details-12-15\/#breadcrumb","itemListElement":[{"@type":"ListItem","position":1,"name":"Startseite","item":"https:\/\/www.kiew.org\/news\/"},{"@type":"ListItem","position":2,"name":"25 Jahre KiEw Jubil\u00e4umsfest &#8211; die Details"}]},{"@type":"WebSite","@id":"https:\/\/www.kiew.org\/news\/#website","url":"https:\/\/www.kiew.org\/news\/","name":"KiEw","description":"Neuigkeiten aus der Anstalt","potentialAction":[{"@type":"SearchAction","target":{"@type":"EntryPoint","urlTemplate":"https:\/\/www.kiew.org\/news\/?s={search_term_string}"},"query-input":{"@type":"PropertyValueSpecification","valueRequired":true,"valueName":"search_term_string"}}],"inLanguage":"de"},{"@type":"Person","@id":"https:\/\/www.kiew.org\/news\/#\/schema\/person\/b1530e5dc633decb7ec215e89febe34a","name":"mdw","sameAs":["http:\/\/www.kiew.org"]}]}},"_links":{"self":[{"href":"https:\/\/www.kiew.org\/news\/wp-json\/wp\/v2\/posts\/4209","targetHints":{"allow":["GET"]}}],"collection":[{"href":"https:\/\/www.kiew.org\/news\/wp-json\/wp\/v2\/posts"}],"about":[{"href":"https:\/\/www.kiew.org\/news\/wp-json\/wp\/v2\/types\/post"}],"author":[{"embeddable":true,"href":"https:\/\/www.kiew.org\/news\/wp-json\/wp\/v2\/users\/2"}],"replies":[{"embeddable":true,"href":"https:\/\/www.kiew.org\/news\/wp-json\/wp\/v2\/comments?post=4209"}],"version-history":[{"count":17,"href":"https:\/\/www.kiew.org\/news\/wp-json\/wp\/v2\/posts\/4209\/revisions"}],"predecessor-version":[{"id":5093,"href":"https:\/\/www.kiew.org\/news\/wp-json\/wp\/v2\/posts\/4209\/revisions\/5093"}],"wp:featuredmedia":[{"embeddable":true,"href":"https:\/\/www.kiew.org\/news\/wp-json\/wp\/v2\/media\/4205"}],"wp:attachment":[{"href":"https:\/\/www.kiew.org\/news\/wp-json\/wp\/v2\/media?parent=4209"}],"wp:term":[{"taxonomy":"category","embeddable":true,"href":"https:\/\/www.kiew.org\/news\/wp-json\/wp\/v2\/categories?post=4209"},{"taxonomy":"post_tag","embeddable":true,"href":"https:\/\/www.kiew.org\/news\/wp-json\/wp\/v2\/tags?post=4209"}],"curies":[{"name":"wp","href":"https:\/\/api.w.org\/{rel}","templated":true}]}}