{"id":4168,"date":"2015-11-17T15:11:55","date_gmt":"2015-11-17T14:11:55","guid":{"rendered":"http:\/\/www.kiew.org\/news\/?p=4168"},"modified":"2019-05-11T12:12:50","modified_gmt":"2019-05-11T10:12:50","slug":"save-the-date-25-jahre-kiew-jubilaeumsfest","status":"publish","type":"post","link":"https:\/\/www.kiew.org\/news\/kiew-patientenakten-2015\/save-the-date-25-jahre-kiew-jubilaeumsfest-11-17\/","title":{"rendered":"Save the Date! 25 Jahre KiEw Jubil\u00e4umsfest"},"content":{"rendered":"<p><a href=\"http:\/\/www.kiew.org\/news\/wp-content\/uploads\/2015\/11\/kiew25_savethedate_neu_1024.jpg\"><img loading=\"lazy\" decoding=\"async\" src=\"http:\/\/www.kiew.org\/news\/wp-content\/uploads\/2015\/11\/kiew25_savethedate_neu_1024.jpg\" alt=\"kiew25_savethedate_neu_1024\" width=\"1024\" height=\"577\" class=\"alignnone size-full wp-image-4184\" srcset=\"https:\/\/www.kiew.org\/news\/wp-content\/uploads\/2015\/11\/kiew25_savethedate_neu_1024.jpg 1024w, https:\/\/www.kiew.org\/news\/wp-content\/uploads\/2015\/11\/kiew25_savethedate_neu_1024-559x315.jpg 559w, https:\/\/www.kiew.org\/news\/wp-content\/uploads\/2015\/11\/kiew25_savethedate_neu_1024-768x433.jpg 768w, https:\/\/www.kiew.org\/news\/wp-content\/uploads\/2015\/11\/kiew25_savethedate_neu_1024-800x451.jpg 800w, https:\/\/www.kiew.org\/news\/wp-content\/uploads\/2015\/11\/kiew25_savethedate_neu_1024-50x28.jpg 50w\" sizes=\"auto, (max-width: 1024px) 100vw, 1024px\" \/><\/a><\/p>\n<p><strong>SAVE THE DATE<\/strong><\/p>\n<p><strong>25 Jahre KiEw Jubil\u00e4umsfest<\/strong><\/p>\n<p>Liebe KiEw-H\u00f6rer und Konzertbesucher der letzten 25 Jahre! <\/p>\n<p>Das gro\u00dfe <strong>Jubil\u00e4umsfest<\/strong> (wir werden im Dezember 2015 genau <strong>25 Jahre<\/strong> alt) findet im Februar statt &#8211; schreibt euch das Datum gro\u00df in den Kalender, nehmt euch frei, es wird ein <strong>episches Fest<\/strong> mit tollen Bands, DJs, neuen Tontr\u00e4gern und <strong>viel Feierei<\/strong> &#8211; garantiert! <\/p>\n<p>Das ganze wird genau am  <strong>Freitag, den 19. Februar 2016<\/strong> stattfinden &#8211; und zwar in <strong>Hamburg<\/strong> im <strong>Hafenklang<\/strong>, soviel sei schon an dieser Stelle gesagt. Mehr Infos, das Lineup und Tickets folgen in K\u00fcrze!<\/p>\n<p>Bis in K\u00fcrze verbleiben wir mit vorfreudigen Gr\u00fc\u00dfen,<br \/>\nEure vier nicht mehr ganz so jungen aber garantiert junggebliebenen KiEw&#8217;ler.<\/p>\n<p><strong>SAVE THE DATE<\/strong><\/p>\n<p><strong>25 years of KiEw anniversaryfest<\/strong><\/p>\n<p>Dear KiEw-listeners  and KiEw concert visitors of the last 25 years! <\/p>\n<p>The big fantastic <strong>anniversaryfest<\/strong> (we are going to be <strong>25 years<\/strong> old in December) is happening in February 2016 &#8211; make a big note in your calendars, take holidays, it will be an <strong>epic fest<\/strong> with great bands, djs, new records and <strong>lots of party<\/strong> &#8211; guaranteed! <\/p>\n<p>The fest will happen on <strong>Friday, February 19th, 2016<\/strong> &#8211;  in <strong>Hamburg<\/strong> at the <strong>Hafenklang<\/strong>, that&#8217;s what we can say at this point. More info, the lineup, and the ticket sale will follow soon!<\/p>\n<p>Read you soon, yours,<br \/>\nthe four not so young looking anymore but nevertheless still young feeling KiEw guys.<\n<\/p>\n","protected":false},"excerpt":{"rendered":"<p><!--:de-->25 Jahre KiEw Jubil\u00e4umsfest am 19.02.2016 in Hamburg! Save the date! <!--:--><!--:en-->25 years of KiEw anniversaryfest &#8211; February, 19th 2016 in Hamburg! Save the date!<!--:--><\/p>\n","protected":false},"author":2,"featured_media":4176,"comment_status":"closed","ping_status":"closed","sticky":false,"template":"","format":"standard","meta":{"_acf_changed":false,"ngg_post_thumbnail":0,"footnotes":""},"categories":[23],"tags":[662,237,529,37,484,39,527,32,528,3,42],"class_list":["post-4168","post","type-post","status-publish","format-standard","has-post-thumbnail","hentry","category-termine","tag-25-jahre","tag-anniversary","tag-fest","tag-festival","tag-hafenklang","tag-hamburg","tag-jubifest","tag-jubilaum","tag-jubilaumsfest","tag-kiew","tag-live"],"acf":[],"yoast_head":"<!-- This site is optimized with the Yoast SEO plugin v27.2 - https:\/\/yoast.com\/product\/yoast-seo-wordpress\/ -->\n<title>Save the Date! 25 Jahre KiEw Jubil\u00e4umsfest - KiEw<\/title>\n<meta name=\"robots\" content=\"index, follow, max-snippet:-1, max-image-preview:large, max-video-preview:-1\" \/>\n<link rel=\"canonical\" href=\"https:\/\/www.kiew.org\/news\/kiew-patientenakten-2015\/save-the-date-25-jahre-kiew-jubilaeumsfest-11-17\/\" \/>\n<meta property=\"og:locale\" content=\"de_DE\" \/>\n<meta property=\"og:type\" content=\"article\" \/>\n<meta property=\"og:title\" content=\"Save the Date! 25 Jahre KiEw Jubil\u00e4umsfest - KiEw\" \/>\n<meta property=\"og:description\" content=\"25 Jahre KiEw Jubil\u00e4umsfest am 19.02.2016 in Hamburg! Save the date! 25 years of KiEw anniversaryfest - February, 19th 2016 in Hamburg! Save the date!\" \/>\n<meta property=\"og:url\" content=\"https:\/\/www.kiew.org\/news\/kiew-patientenakten-2015\/save-the-date-25-jahre-kiew-jubilaeumsfest-11-17\/\" \/>\n<meta property=\"og:site_name\" content=\"KiEw\" \/>\n<meta property=\"article:publisher\" content=\"https:\/\/www.facebook.com\/kiewofficial\/\" \/>\n<meta property=\"article:published_time\" content=\"2015-11-17T14:11:55+00:00\" \/>\n<meta property=\"article:modified_time\" content=\"2019-05-11T10:12:50+00:00\" \/>\n<meta property=\"og:image\" content=\"https:\/\/www.kiew.org\/news\/wp-content\/uploads\/2015\/11\/KiEw_jubifest2016_800_icon.jpg\" \/>\n\t<meta property=\"og:image:width\" content=\"800\" \/>\n\t<meta property=\"og:image:height\" content=\"668\" \/>\n\t<meta property=\"og:image:type\" content=\"image\/jpeg\" \/>\n<meta name=\"author\" content=\"mdw\" \/>\n<meta name=\"twitter:card\" content=\"summary_large_image\" \/>\n<meta name=\"twitter:creator\" content=\"@kiew\" \/>\n<meta name=\"twitter:site\" content=\"@kiew\" \/>\n<meta name=\"twitter:label1\" content=\"Verfasst von\" \/>\n\t<meta name=\"twitter:data1\" content=\"mdw\" \/>\n\t<meta name=\"twitter:label2\" content=\"Gesch\u00e4tzte Lesezeit\" \/>\n\t<meta name=\"twitter:data2\" content=\"1\u00a0Minute\" \/>\n<script type=\"application\/ld+json\" class=\"yoast-schema-graph\">{\"@context\":\"https:\/\/schema.org\",\"@graph\":[{\"@type\":\"Article\",\"@id\":\"https:\/\/www.kiew.org\/news\/kiew-patientenakten-2015\/save-the-date-25-jahre-kiew-jubilaeumsfest-11-17\/#article\",\"isPartOf\":{\"@id\":\"https:\/\/www.kiew.org\/news\/kiew-patientenakten-2015\/save-the-date-25-jahre-kiew-jubilaeumsfest-11-17\/\"},\"author\":{\"name\":\"mdw\",\"@id\":\"https:\/\/www.kiew.org\/news\/#\/schema\/person\/b1530e5dc633decb7ec215e89febe34a\"},\"headline\":\"Save the Date! 25 Jahre KiEw Jubil\u00e4umsfest\",\"datePublished\":\"2015-11-17T14:11:55+00:00\",\"dateModified\":\"2019-05-11T10:12:50+00:00\",\"mainEntityOfPage\":{\"@id\":\"https:\/\/www.kiew.org\/news\/kiew-patientenakten-2015\/save-the-date-25-jahre-kiew-jubilaeumsfest-11-17\/\"},\"wordCount\":234,\"image\":{\"@id\":\"https:\/\/www.kiew.org\/news\/kiew-patientenakten-2015\/save-the-date-25-jahre-kiew-jubilaeumsfest-11-17\/#primaryimage\"},\"thumbnailUrl\":\"https:\/\/www.kiew.org\/news\/wp-content\/uploads\/2015\/11\/KiEw_jubifest2016_800_icon.jpg\",\"keywords\":[\"25 jahre\",\"anniversary\",\"fest\",\"festival\",\"hafenklang\",\"hamburg\",\"jubifest\",\"jubil\u00e4um\",\"jubil\u00e4umsfest\",\"kiew\",\"live\"],\"articleSection\":[\"termine\"],\"inLanguage\":\"de\"},{\"@type\":\"WebPage\",\"@id\":\"https:\/\/www.kiew.org\/news\/kiew-patientenakten-2015\/save-the-date-25-jahre-kiew-jubilaeumsfest-11-17\/\",\"url\":\"https:\/\/www.kiew.org\/news\/kiew-patientenakten-2015\/save-the-date-25-jahre-kiew-jubilaeumsfest-11-17\/\",\"name\":\"Save the Date! 25 Jahre KiEw Jubil\u00e4umsfest - KiEw\",\"isPartOf\":{\"@id\":\"https:\/\/www.kiew.org\/news\/#website\"},\"primaryImageOfPage\":{\"@id\":\"https:\/\/www.kiew.org\/news\/kiew-patientenakten-2015\/save-the-date-25-jahre-kiew-jubilaeumsfest-11-17\/#primaryimage\"},\"image\":{\"@id\":\"https:\/\/www.kiew.org\/news\/kiew-patientenakten-2015\/save-the-date-25-jahre-kiew-jubilaeumsfest-11-17\/#primaryimage\"},\"thumbnailUrl\":\"https:\/\/www.kiew.org\/news\/wp-content\/uploads\/2015\/11\/KiEw_jubifest2016_800_icon.jpg\",\"datePublished\":\"2015-11-17T14:11:55+00:00\",\"dateModified\":\"2019-05-11T10:12:50+00:00\",\"author\":{\"@id\":\"https:\/\/www.kiew.org\/news\/#\/schema\/person\/b1530e5dc633decb7ec215e89febe34a\"},\"breadcrumb\":{\"@id\":\"https:\/\/www.kiew.org\/news\/kiew-patientenakten-2015\/save-the-date-25-jahre-kiew-jubilaeumsfest-11-17\/#breadcrumb\"},\"inLanguage\":\"de\",\"potentialAction\":[{\"@type\":\"ReadAction\",\"target\":[\"https:\/\/www.kiew.org\/news\/kiew-patientenakten-2015\/save-the-date-25-jahre-kiew-jubilaeumsfest-11-17\/\"]}]},{\"@type\":\"ImageObject\",\"inLanguage\":\"de\",\"@id\":\"https:\/\/www.kiew.org\/news\/kiew-patientenakten-2015\/save-the-date-25-jahre-kiew-jubilaeumsfest-11-17\/#primaryimage\",\"url\":\"https:\/\/www.kiew.org\/news\/wp-content\/uploads\/2015\/11\/KiEw_jubifest2016_800_icon.jpg\",\"contentUrl\":\"https:\/\/www.kiew.org\/news\/wp-content\/uploads\/2015\/11\/KiEw_jubifest2016_800_icon.jpg\",\"width\":800,\"height\":668},{\"@type\":\"BreadcrumbList\",\"@id\":\"https:\/\/www.kiew.org\/news\/kiew-patientenakten-2015\/save-the-date-25-jahre-kiew-jubilaeumsfest-11-17\/#breadcrumb\",\"itemListElement\":[{\"@type\":\"ListItem\",\"position\":1,\"name\":\"Startseite\",\"item\":\"https:\/\/www.kiew.org\/news\/\"},{\"@type\":\"ListItem\",\"position\":2,\"name\":\"Save the Date! 25 Jahre KiEw Jubil\u00e4umsfest\"}]},{\"@type\":\"WebSite\",\"@id\":\"https:\/\/www.kiew.org\/news\/#website\",\"url\":\"https:\/\/www.kiew.org\/news\/\",\"name\":\"KiEw\",\"description\":\"Neuigkeiten aus der Anstalt\",\"potentialAction\":[{\"@type\":\"SearchAction\",\"target\":{\"@type\":\"EntryPoint\",\"urlTemplate\":\"https:\/\/www.kiew.org\/news\/?s={search_term_string}\"},\"query-input\":{\"@type\":\"PropertyValueSpecification\",\"valueRequired\":true,\"valueName\":\"search_term_string\"}}],\"inLanguage\":\"de\"},{\"@type\":\"Person\",\"@id\":\"https:\/\/www.kiew.org\/news\/#\/schema\/person\/b1530e5dc633decb7ec215e89febe34a\",\"name\":\"mdw\",\"sameAs\":[\"http:\/\/www.kiew.org\"]}]}<\/script>\n<!-- \/ Yoast SEO plugin. -->","yoast_head_json":{"title":"Save the Date! 25 Jahre KiEw Jubil\u00e4umsfest - KiEw","robots":{"index":"index","follow":"follow","max-snippet":"max-snippet:-1","max-image-preview":"max-image-preview:large","max-video-preview":"max-video-preview:-1"},"canonical":"https:\/\/www.kiew.org\/news\/kiew-patientenakten-2015\/save-the-date-25-jahre-kiew-jubilaeumsfest-11-17\/","og_locale":"de_DE","og_type":"article","og_title":"Save the Date! 25 Jahre KiEw Jubil\u00e4umsfest - KiEw","og_description":"25 Jahre KiEw Jubil\u00e4umsfest am 19.02.2016 in Hamburg! Save the date! 25 years of KiEw anniversaryfest - February, 19th 2016 in Hamburg! Save the date!","og_url":"https:\/\/www.kiew.org\/news\/kiew-patientenakten-2015\/save-the-date-25-jahre-kiew-jubilaeumsfest-11-17\/","og_site_name":"KiEw","article_publisher":"https:\/\/www.facebook.com\/kiewofficial\/","article_published_time":"2015-11-17T14:11:55+00:00","article_modified_time":"2019-05-11T10:12:50+00:00","og_image":[{"width":800,"height":668,"url":"https:\/\/www.kiew.org\/news\/wp-content\/uploads\/2015\/11\/KiEw_jubifest2016_800_icon.jpg","type":"image\/jpeg"}],"author":"mdw","twitter_card":"summary_large_image","twitter_creator":"@kiew","twitter_site":"@kiew","twitter_misc":{"Verfasst von":"mdw","Gesch\u00e4tzte Lesezeit":"1\u00a0Minute"},"schema":{"@context":"https:\/\/schema.org","@graph":[{"@type":"Article","@id":"https:\/\/www.kiew.org\/news\/kiew-patientenakten-2015\/save-the-date-25-jahre-kiew-jubilaeumsfest-11-17\/#article","isPartOf":{"@id":"https:\/\/www.kiew.org\/news\/kiew-patientenakten-2015\/save-the-date-25-jahre-kiew-jubilaeumsfest-11-17\/"},"author":{"name":"mdw","@id":"https:\/\/www.kiew.org\/news\/#\/schema\/person\/b1530e5dc633decb7ec215e89febe34a"},"headline":"Save the Date! 25 Jahre KiEw Jubil\u00e4umsfest","datePublished":"2015-11-17T14:11:55+00:00","dateModified":"2019-05-11T10:12:50+00:00","mainEntityOfPage":{"@id":"https:\/\/www.kiew.org\/news\/kiew-patientenakten-2015\/save-the-date-25-jahre-kiew-jubilaeumsfest-11-17\/"},"wordCount":234,"image":{"@id":"https:\/\/www.kiew.org\/news\/kiew-patientenakten-2015\/save-the-date-25-jahre-kiew-jubilaeumsfest-11-17\/#primaryimage"},"thumbnailUrl":"https:\/\/www.kiew.org\/news\/wp-content\/uploads\/2015\/11\/KiEw_jubifest2016_800_icon.jpg","keywords":["25 jahre","anniversary","fest","festival","hafenklang","hamburg","jubifest","jubil\u00e4um","jubil\u00e4umsfest","kiew","live"],"articleSection":["termine"],"inLanguage":"de"},{"@type":"WebPage","@id":"https:\/\/www.kiew.org\/news\/kiew-patientenakten-2015\/save-the-date-25-jahre-kiew-jubilaeumsfest-11-17\/","url":"https:\/\/www.kiew.org\/news\/kiew-patientenakten-2015\/save-the-date-25-jahre-kiew-jubilaeumsfest-11-17\/","name":"Save the Date! 25 Jahre KiEw Jubil\u00e4umsfest - KiEw","isPartOf":{"@id":"https:\/\/www.kiew.org\/news\/#website"},"primaryImageOfPage":{"@id":"https:\/\/www.kiew.org\/news\/kiew-patientenakten-2015\/save-the-date-25-jahre-kiew-jubilaeumsfest-11-17\/#primaryimage"},"image":{"@id":"https:\/\/www.kiew.org\/news\/kiew-patientenakten-2015\/save-the-date-25-jahre-kiew-jubilaeumsfest-11-17\/#primaryimage"},"thumbnailUrl":"https:\/\/www.kiew.org\/news\/wp-content\/uploads\/2015\/11\/KiEw_jubifest2016_800_icon.jpg","datePublished":"2015-11-17T14:11:55+00:00","dateModified":"2019-05-11T10:12:50+00:00","author":{"@id":"https:\/\/www.kiew.org\/news\/#\/schema\/person\/b1530e5dc633decb7ec215e89febe34a"},"breadcrumb":{"@id":"https:\/\/www.kiew.org\/news\/kiew-patientenakten-2015\/save-the-date-25-jahre-kiew-jubilaeumsfest-11-17\/#breadcrumb"},"inLanguage":"de","potentialAction":[{"@type":"ReadAction","target":["https:\/\/www.kiew.org\/news\/kiew-patientenakten-2015\/save-the-date-25-jahre-kiew-jubilaeumsfest-11-17\/"]}]},{"@type":"ImageObject","inLanguage":"de","@id":"https:\/\/www.kiew.org\/news\/kiew-patientenakten-2015\/save-the-date-25-jahre-kiew-jubilaeumsfest-11-17\/#primaryimage","url":"https:\/\/www.kiew.org\/news\/wp-content\/uploads\/2015\/11\/KiEw_jubifest2016_800_icon.jpg","contentUrl":"https:\/\/www.kiew.org\/news\/wp-content\/uploads\/2015\/11\/KiEw_jubifest2016_800_icon.jpg","width":800,"height":668},{"@type":"BreadcrumbList","@id":"https:\/\/www.kiew.org\/news\/kiew-patientenakten-2015\/save-the-date-25-jahre-kiew-jubilaeumsfest-11-17\/#breadcrumb","itemListElement":[{"@type":"ListItem","position":1,"name":"Startseite","item":"https:\/\/www.kiew.org\/news\/"},{"@type":"ListItem","position":2,"name":"Save the Date! 25 Jahre KiEw Jubil\u00e4umsfest"}]},{"@type":"WebSite","@id":"https:\/\/www.kiew.org\/news\/#website","url":"https:\/\/www.kiew.org\/news\/","name":"KiEw","description":"Neuigkeiten aus der Anstalt","potentialAction":[{"@type":"SearchAction","target":{"@type":"EntryPoint","urlTemplate":"https:\/\/www.kiew.org\/news\/?s={search_term_string}"},"query-input":{"@type":"PropertyValueSpecification","valueRequired":true,"valueName":"search_term_string"}}],"inLanguage":"de"},{"@type":"Person","@id":"https:\/\/www.kiew.org\/news\/#\/schema\/person\/b1530e5dc633decb7ec215e89febe34a","name":"mdw","sameAs":["http:\/\/www.kiew.org"]}]}},"_links":{"self":[{"href":"https:\/\/www.kiew.org\/news\/wp-json\/wp\/v2\/posts\/4168","targetHints":{"allow":["GET"]}}],"collection":[{"href":"https:\/\/www.kiew.org\/news\/wp-json\/wp\/v2\/posts"}],"about":[{"href":"https:\/\/www.kiew.org\/news\/wp-json\/wp\/v2\/types\/post"}],"author":[{"embeddable":true,"href":"https:\/\/www.kiew.org\/news\/wp-json\/wp\/v2\/users\/2"}],"replies":[{"embeddable":true,"href":"https:\/\/www.kiew.org\/news\/wp-json\/wp\/v2\/comments?post=4168"}],"version-history":[{"count":12,"href":"https:\/\/www.kiew.org\/news\/wp-json\/wp\/v2\/posts\/4168\/revisions"}],"predecessor-version":[{"id":4783,"href":"https:\/\/www.kiew.org\/news\/wp-json\/wp\/v2\/posts\/4168\/revisions\/4783"}],"wp:featuredmedia":[{"embeddable":true,"href":"https:\/\/www.kiew.org\/news\/wp-json\/wp\/v2\/media\/4176"}],"wp:attachment":[{"href":"https:\/\/www.kiew.org\/news\/wp-json\/wp\/v2\/media?parent=4168"}],"wp:term":[{"taxonomy":"category","embeddable":true,"href":"https:\/\/www.kiew.org\/news\/wp-json\/wp\/v2\/categories?post=4168"},{"taxonomy":"post_tag","embeddable":true,"href":"https:\/\/www.kiew.org\/news\/wp-json\/wp\/v2\/tags?post=4168"}],"curies":[{"name":"wp","href":"https:\/\/api.w.org\/{rel}","templated":true}]}}