{"id":4003,"date":"2014-03-25T18:16:58","date_gmt":"2014-03-25T17:16:58","guid":{"rendered":"http:\/\/www.kiew.org\/news\/?p=4003"},"modified":"2019-05-11T15:27:26","modified_gmt":"2019-05-11T13:27:26","slug":"fotolovestory-kiew-konzert-132","status":"publish","type":"post","link":"https:\/\/www.kiew.org\/news\/kiew-patientenakten-2014\/fotolovestory-kiew-konzert-132-03-25\/","title":{"rendered":"fotolovestory: kiew konzert 132"},"content":{"rendered":"<p>KiEw Konzert #132:<\/p>\n<p>KiEw live @KiEw Jubil\u00e4umsfest 2013, Anna &#038; Arthur, L\u00fcneburg, 14.12.2013.<br \/>\n(mit: Kotze im Einkaufswagen, Naomi Sample &#038; The Go Go Ghosts)<\/p>\n<p>Fotos: Dirk Hoffmann<\/p>\nngg_shortcode_0_placeholder\n<p><a href=\"http:\/\/www.kiew.org\/news\/wp-content\/uploads\/2014\/03\/kiewjubifest2013_lueneburg_galerie800.jpg\"><img loading=\"lazy\" decoding=\"async\" src=\"http:\/\/www.kiew.org\/news\/wp-content\/uploads\/2014\/03\/kiewjubifest2013_lueneburg_galerie800.jpg\" alt=\"kiewjubifest2013_lueneburg_galerie800\" width=\"800\" height=\"504\" class=\"alignnone size-full wp-image-4001\" srcset=\"https:\/\/www.kiew.org\/news\/wp-content\/uploads\/2014\/03\/kiewjubifest2013_lueneburg_galerie800.jpg 800w, https:\/\/www.kiew.org\/news\/wp-content\/uploads\/2014\/03\/kiewjubifest2013_lueneburg_galerie800-559x352.jpg 559w, https:\/\/www.kiew.org\/news\/wp-content\/uploads\/2014\/03\/kiewjubifest2013_lueneburg_galerie800-768x484.jpg 768w, https:\/\/www.kiew.org\/news\/wp-content\/uploads\/2014\/03\/kiewjubifest2013_lueneburg_galerie800-50x32.jpg 50w\" sizes=\"auto, (max-width: 800px) 100vw, 800px\" \/><\/a><\/p>\n","protected":false},"excerpt":{"rendered":"<p><!--:de-->Fotos vom KiEw Jubil\u00e4umsfest 2013 in L\u00fcneburg, aufgenommen von Dirk Hoffmann&#8230;<!--:--><!--:en-->Photos of the KiEw anniversary fest 2013 in L\u00fcneburg, taken by Dirk Hoffmann&#8230;<!--:--><\/p>\n","protected":false},"author":2,"featured_media":4001,"comment_status":"closed","ping_status":"closed","sticky":false,"template":"","format":"standard","meta":{"_acf_changed":false,"ngg_post_thumbnail":0,"footnotes":""},"categories":[18],"tags":[630,624,237,529,153,648,655,527,32,3,49,42,239,152,43],"class_list":["post-4003","post","type-post","status-publish","format-standard","has-post-thumbnail","hentry","category-galerie","tag-anna-arthur","tag-anna-und-arthur","tag-anniversary","tag-fest","tag-foto","tag-galerie","tag-gallery","tag-jubifest","tag-jubilaum","tag-kiew","tag-konzert","tag-live","tag-lueneburg","tag-photo","tag-show"],"acf":[],"yoast_head":"<!-- This site is optimized with the Yoast SEO plugin v27.2 - https:\/\/yoast.com\/product\/yoast-seo-wordpress\/ -->\n<title>fotolovestory: kiew konzert 132 - KiEw<\/title>\n<meta name=\"robots\" content=\"index, follow, max-snippet:-1, max-image-preview:large, max-video-preview:-1\" \/>\n<link rel=\"canonical\" href=\"https:\/\/www.kiew.org\/news\/kiew-patientenakten-2014\/fotolovestory-kiew-konzert-132-03-25\/\" \/>\n<meta property=\"og:locale\" content=\"de_DE\" \/>\n<meta property=\"og:type\" content=\"article\" \/>\n<meta property=\"og:title\" content=\"fotolovestory: kiew konzert 132 - KiEw\" \/>\n<meta property=\"og:description\" content=\"Fotos vom KiEw Jubil\u00e4umsfest 2013 in L\u00fcneburg, aufgenommen von Dirk Hoffmann...Photos of the KiEw anniversary fest 2013 in L\u00fcneburg, taken by Dirk Hoffmann...\" \/>\n<meta property=\"og:url\" content=\"https:\/\/www.kiew.org\/news\/kiew-patientenakten-2014\/fotolovestory-kiew-konzert-132-03-25\/\" \/>\n<meta property=\"og:site_name\" content=\"KiEw\" \/>\n<meta property=\"article:publisher\" content=\"https:\/\/www.facebook.com\/kiewofficial\/\" \/>\n<meta property=\"article:published_time\" content=\"2014-03-25T17:16:58+00:00\" \/>\n<meta property=\"article:modified_time\" content=\"2019-05-11T13:27:26+00:00\" \/>\n<meta property=\"og:image\" content=\"https:\/\/www.kiew.org\/news\/wp-content\/uploads\/2014\/03\/kiewjubifest2013_lueneburg_galerie800.jpg\" \/>\n\t<meta property=\"og:image:width\" content=\"800\" \/>\n\t<meta property=\"og:image:height\" content=\"504\" \/>\n\t<meta property=\"og:image:type\" content=\"image\/jpeg\" \/>\n<meta name=\"author\" content=\"mdw\" \/>\n<meta name=\"twitter:card\" content=\"summary_large_image\" \/>\n<meta name=\"twitter:creator\" content=\"@kiew\" \/>\n<meta name=\"twitter:site\" content=\"@kiew\" \/>\n<meta name=\"twitter:label1\" content=\"Verfasst von\" \/>\n\t<meta name=\"twitter:data1\" content=\"mdw\" \/>\n<script type=\"application\/ld+json\" class=\"yoast-schema-graph\">{\"@context\":\"https:\/\/schema.org\",\"@graph\":[{\"@type\":\"Article\",\"@id\":\"https:\/\/www.kiew.org\/news\/kiew-patientenakten-2014\/fotolovestory-kiew-konzert-132-03-25\/#article\",\"isPartOf\":{\"@id\":\"https:\/\/www.kiew.org\/news\/kiew-patientenakten-2014\/fotolovestory-kiew-konzert-132-03-25\/\"},\"author\":{\"name\":\"mdw\",\"@id\":\"https:\/\/www.kiew.org\/news\/#\/schema\/person\/b1530e5dc633decb7ec215e89febe34a\"},\"headline\":\"fotolovestory: kiew konzert 132\",\"datePublished\":\"2014-03-25T17:16:58+00:00\",\"dateModified\":\"2019-05-11T13:27:26+00:00\",\"mainEntityOfPage\":{\"@id\":\"https:\/\/www.kiew.org\/news\/kiew-patientenakten-2014\/fotolovestory-kiew-konzert-132-03-25\/\"},\"wordCount\":29,\"image\":{\"@id\":\"https:\/\/www.kiew.org\/news\/kiew-patientenakten-2014\/fotolovestory-kiew-konzert-132-03-25\/#primaryimage\"},\"thumbnailUrl\":\"https:\/\/www.kiew.org\/news\/wp-content\/uploads\/2014\/03\/kiewjubifest2013_lueneburg_galerie800.jpg\",\"keywords\":[\"anna &amp; arthur\",\"anna und arthur\",\"anniversary\",\"fest\",\"foto\",\"galerie\",\"gallery\",\"jubifest\",\"jubil\u00e4um\",\"kiew\",\"konzert\",\"live\",\"lueneburg\",\"photo\",\"show\"],\"articleSection\":[\"galerie\"],\"inLanguage\":\"de\"},{\"@type\":\"WebPage\",\"@id\":\"https:\/\/www.kiew.org\/news\/kiew-patientenakten-2014\/fotolovestory-kiew-konzert-132-03-25\/\",\"url\":\"https:\/\/www.kiew.org\/news\/kiew-patientenakten-2014\/fotolovestory-kiew-konzert-132-03-25\/\",\"name\":\"fotolovestory: kiew konzert 132 - KiEw\",\"isPartOf\":{\"@id\":\"https:\/\/www.kiew.org\/news\/#website\"},\"primaryImageOfPage\":{\"@id\":\"https:\/\/www.kiew.org\/news\/kiew-patientenakten-2014\/fotolovestory-kiew-konzert-132-03-25\/#primaryimage\"},\"image\":{\"@id\":\"https:\/\/www.kiew.org\/news\/kiew-patientenakten-2014\/fotolovestory-kiew-konzert-132-03-25\/#primaryimage\"},\"thumbnailUrl\":\"https:\/\/www.kiew.org\/news\/wp-content\/uploads\/2014\/03\/kiewjubifest2013_lueneburg_galerie800.jpg\",\"datePublished\":\"2014-03-25T17:16:58+00:00\",\"dateModified\":\"2019-05-11T13:27:26+00:00\",\"author\":{\"@id\":\"https:\/\/www.kiew.org\/news\/#\/schema\/person\/b1530e5dc633decb7ec215e89febe34a\"},\"breadcrumb\":{\"@id\":\"https:\/\/www.kiew.org\/news\/kiew-patientenakten-2014\/fotolovestory-kiew-konzert-132-03-25\/#breadcrumb\"},\"inLanguage\":\"de\",\"potentialAction\":[{\"@type\":\"ReadAction\",\"target\":[\"https:\/\/www.kiew.org\/news\/kiew-patientenakten-2014\/fotolovestory-kiew-konzert-132-03-25\/\"]}]},{\"@type\":\"ImageObject\",\"inLanguage\":\"de\",\"@id\":\"https:\/\/www.kiew.org\/news\/kiew-patientenakten-2014\/fotolovestory-kiew-konzert-132-03-25\/#primaryimage\",\"url\":\"https:\/\/www.kiew.org\/news\/wp-content\/uploads\/2014\/03\/kiewjubifest2013_lueneburg_galerie800.jpg\",\"contentUrl\":\"https:\/\/www.kiew.org\/news\/wp-content\/uploads\/2014\/03\/kiewjubifest2013_lueneburg_galerie800.jpg\",\"width\":800,\"height\":504},{\"@type\":\"BreadcrumbList\",\"@id\":\"https:\/\/www.kiew.org\/news\/kiew-patientenakten-2014\/fotolovestory-kiew-konzert-132-03-25\/#breadcrumb\",\"itemListElement\":[{\"@type\":\"ListItem\",\"position\":1,\"name\":\"Startseite\",\"item\":\"https:\/\/www.kiew.org\/news\/\"},{\"@type\":\"ListItem\",\"position\":2,\"name\":\"fotolovestory: kiew konzert 132\"}]},{\"@type\":\"WebSite\",\"@id\":\"https:\/\/www.kiew.org\/news\/#website\",\"url\":\"https:\/\/www.kiew.org\/news\/\",\"name\":\"KiEw\",\"description\":\"Neuigkeiten aus der Anstalt\",\"potentialAction\":[{\"@type\":\"SearchAction\",\"target\":{\"@type\":\"EntryPoint\",\"urlTemplate\":\"https:\/\/www.kiew.org\/news\/?s={search_term_string}\"},\"query-input\":{\"@type\":\"PropertyValueSpecification\",\"valueRequired\":true,\"valueName\":\"search_term_string\"}}],\"inLanguage\":\"de\"},{\"@type\":\"Person\",\"@id\":\"https:\/\/www.kiew.org\/news\/#\/schema\/person\/b1530e5dc633decb7ec215e89febe34a\",\"name\":\"mdw\",\"sameAs\":[\"http:\/\/www.kiew.org\"]}]}<\/script>\n<!-- \/ Yoast SEO plugin. -->","yoast_head_json":{"title":"fotolovestory: kiew konzert 132 - KiEw","robots":{"index":"index","follow":"follow","max-snippet":"max-snippet:-1","max-image-preview":"max-image-preview:large","max-video-preview":"max-video-preview:-1"},"canonical":"https:\/\/www.kiew.org\/news\/kiew-patientenakten-2014\/fotolovestory-kiew-konzert-132-03-25\/","og_locale":"de_DE","og_type":"article","og_title":"fotolovestory: kiew konzert 132 - KiEw","og_description":"Fotos vom KiEw Jubil\u00e4umsfest 2013 in L\u00fcneburg, aufgenommen von Dirk Hoffmann...Photos of the KiEw anniversary fest 2013 in L\u00fcneburg, taken by Dirk Hoffmann...","og_url":"https:\/\/www.kiew.org\/news\/kiew-patientenakten-2014\/fotolovestory-kiew-konzert-132-03-25\/","og_site_name":"KiEw","article_publisher":"https:\/\/www.facebook.com\/kiewofficial\/","article_published_time":"2014-03-25T17:16:58+00:00","article_modified_time":"2019-05-11T13:27:26+00:00","og_image":[{"width":800,"height":504,"url":"https:\/\/www.kiew.org\/news\/wp-content\/uploads\/2014\/03\/kiewjubifest2013_lueneburg_galerie800.jpg","type":"image\/jpeg"}],"author":"mdw","twitter_card":"summary_large_image","twitter_creator":"@kiew","twitter_site":"@kiew","twitter_misc":{"Verfasst von":"mdw"},"schema":{"@context":"https:\/\/schema.org","@graph":[{"@type":"Article","@id":"https:\/\/www.kiew.org\/news\/kiew-patientenakten-2014\/fotolovestory-kiew-konzert-132-03-25\/#article","isPartOf":{"@id":"https:\/\/www.kiew.org\/news\/kiew-patientenakten-2014\/fotolovestory-kiew-konzert-132-03-25\/"},"author":{"name":"mdw","@id":"https:\/\/www.kiew.org\/news\/#\/schema\/person\/b1530e5dc633decb7ec215e89febe34a"},"headline":"fotolovestory: kiew konzert 132","datePublished":"2014-03-25T17:16:58+00:00","dateModified":"2019-05-11T13:27:26+00:00","mainEntityOfPage":{"@id":"https:\/\/www.kiew.org\/news\/kiew-patientenakten-2014\/fotolovestory-kiew-konzert-132-03-25\/"},"wordCount":29,"image":{"@id":"https:\/\/www.kiew.org\/news\/kiew-patientenakten-2014\/fotolovestory-kiew-konzert-132-03-25\/#primaryimage"},"thumbnailUrl":"https:\/\/www.kiew.org\/news\/wp-content\/uploads\/2014\/03\/kiewjubifest2013_lueneburg_galerie800.jpg","keywords":["anna &amp; arthur","anna und arthur","anniversary","fest","foto","galerie","gallery","jubifest","jubil\u00e4um","kiew","konzert","live","lueneburg","photo","show"],"articleSection":["galerie"],"inLanguage":"de"},{"@type":"WebPage","@id":"https:\/\/www.kiew.org\/news\/kiew-patientenakten-2014\/fotolovestory-kiew-konzert-132-03-25\/","url":"https:\/\/www.kiew.org\/news\/kiew-patientenakten-2014\/fotolovestory-kiew-konzert-132-03-25\/","name":"fotolovestory: kiew konzert 132 - KiEw","isPartOf":{"@id":"https:\/\/www.kiew.org\/news\/#website"},"primaryImageOfPage":{"@id":"https:\/\/www.kiew.org\/news\/kiew-patientenakten-2014\/fotolovestory-kiew-konzert-132-03-25\/#primaryimage"},"image":{"@id":"https:\/\/www.kiew.org\/news\/kiew-patientenakten-2014\/fotolovestory-kiew-konzert-132-03-25\/#primaryimage"},"thumbnailUrl":"https:\/\/www.kiew.org\/news\/wp-content\/uploads\/2014\/03\/kiewjubifest2013_lueneburg_galerie800.jpg","datePublished":"2014-03-25T17:16:58+00:00","dateModified":"2019-05-11T13:27:26+00:00","author":{"@id":"https:\/\/www.kiew.org\/news\/#\/schema\/person\/b1530e5dc633decb7ec215e89febe34a"},"breadcrumb":{"@id":"https:\/\/www.kiew.org\/news\/kiew-patientenakten-2014\/fotolovestory-kiew-konzert-132-03-25\/#breadcrumb"},"inLanguage":"de","potentialAction":[{"@type":"ReadAction","target":["https:\/\/www.kiew.org\/news\/kiew-patientenakten-2014\/fotolovestory-kiew-konzert-132-03-25\/"]}]},{"@type":"ImageObject","inLanguage":"de","@id":"https:\/\/www.kiew.org\/news\/kiew-patientenakten-2014\/fotolovestory-kiew-konzert-132-03-25\/#primaryimage","url":"https:\/\/www.kiew.org\/news\/wp-content\/uploads\/2014\/03\/kiewjubifest2013_lueneburg_galerie800.jpg","contentUrl":"https:\/\/www.kiew.org\/news\/wp-content\/uploads\/2014\/03\/kiewjubifest2013_lueneburg_galerie800.jpg","width":800,"height":504},{"@type":"BreadcrumbList","@id":"https:\/\/www.kiew.org\/news\/kiew-patientenakten-2014\/fotolovestory-kiew-konzert-132-03-25\/#breadcrumb","itemListElement":[{"@type":"ListItem","position":1,"name":"Startseite","item":"https:\/\/www.kiew.org\/news\/"},{"@type":"ListItem","position":2,"name":"fotolovestory: kiew konzert 132"}]},{"@type":"WebSite","@id":"https:\/\/www.kiew.org\/news\/#website","url":"https:\/\/www.kiew.org\/news\/","name":"KiEw","description":"Neuigkeiten aus der Anstalt","potentialAction":[{"@type":"SearchAction","target":{"@type":"EntryPoint","urlTemplate":"https:\/\/www.kiew.org\/news\/?s={search_term_string}"},"query-input":{"@type":"PropertyValueSpecification","valueRequired":true,"valueName":"search_term_string"}}],"inLanguage":"de"},{"@type":"Person","@id":"https:\/\/www.kiew.org\/news\/#\/schema\/person\/b1530e5dc633decb7ec215e89febe34a","name":"mdw","sameAs":["http:\/\/www.kiew.org"]}]}},"_links":{"self":[{"href":"https:\/\/www.kiew.org\/news\/wp-json\/wp\/v2\/posts\/4003","targetHints":{"allow":["GET"]}}],"collection":[{"href":"https:\/\/www.kiew.org\/news\/wp-json\/wp\/v2\/posts"}],"about":[{"href":"https:\/\/www.kiew.org\/news\/wp-json\/wp\/v2\/types\/post"}],"author":[{"embeddable":true,"href":"https:\/\/www.kiew.org\/news\/wp-json\/wp\/v2\/users\/2"}],"replies":[{"embeddable":true,"href":"https:\/\/www.kiew.org\/news\/wp-json\/wp\/v2\/comments?post=4003"}],"version-history":[{"count":4,"href":"https:\/\/www.kiew.org\/news\/wp-json\/wp\/v2\/posts\/4003\/revisions"}],"predecessor-version":[{"id":5113,"href":"https:\/\/www.kiew.org\/news\/wp-json\/wp\/v2\/posts\/4003\/revisions\/5113"}],"wp:featuredmedia":[{"embeddable":true,"href":"https:\/\/www.kiew.org\/news\/wp-json\/wp\/v2\/media\/4001"}],"wp:attachment":[{"href":"https:\/\/www.kiew.org\/news\/wp-json\/wp\/v2\/media?parent=4003"}],"wp:term":[{"taxonomy":"category","embeddable":true,"href":"https:\/\/www.kiew.org\/news\/wp-json\/wp\/v2\/categories?post=4003"},{"taxonomy":"post_tag","embeddable":true,"href":"https:\/\/www.kiew.org\/news\/wp-json\/wp\/v2\/tags?post=4003"}],"curies":[{"name":"wp","href":"https:\/\/api.w.org\/{rel}","templated":true}]}}