{"id":3903,"date":"2014-02-21T13:20:18","date_gmt":"2014-02-21T12:20:18","guid":{"rendered":"http:\/\/www.kiew.org\/news\/?p=3903"},"modified":"2019-05-11T15:52:26","modified_gmt":"2019-05-11T13:52:26","slug":"livevideos-vom-kiew-jubilaeumsfest-teil-2","status":"publish","type":"post","link":"https:\/\/www.kiew.org\/news\/kiew-patientenakten-2014\/livevideos-vom-kiew-jubilaeumsfest-teil-2-02-21\/","title":{"rendered":"livevideos vom kiew jubil\u00e4umsfest &#8211; teil 2"},"content":{"rendered":"<p>Zwei weitere Videos vom <a href=\"http:\/\/www.kiew.org\/news\/kiew-patientenakten-2013\/grosses-jubilaeumsfest-mit-kiew-naomi-sample-the-go-go-ghosts-kotze-im-einkaufswagen-11-18\/\">KiEw Jubil\u00e4umsfest<\/a>, aufgenommen am 14. Dezember 2013 im Anna &#038; Arthur in L\u00fcneburg:<\/p>\n<p>dcdisk:<br \/>\n<iframe loading=\"lazy\" width=\"560\" height=\"315\" src=\"https:\/\/www.youtube.com\/embed\/KmLbgj1Aqtg\" frameborder=\"0\" allow=\"accelerometer; autoplay; encrypted-media; gyroscope; picture-in-picture\" allowfullscreen><\/iframe><\/p>\n<p>Staub (feat. Yannick (Opaque)):<br \/>\n<iframe loading=\"lazy\" width=\"560\" height=\"315\" src=\"https:\/\/www.youtube.com\/embed\/GgahZVpq5eA\" frameborder=\"0\" allow=\"accelerometer; autoplay; encrypted-media; gyroscope; picture-in-picture\" allowfullscreen><\/iframe><\/p>\n<p>Mehr Videos vom KiEw Jubil\u00e4umsfest findet ihr hier: <a title=\"livevideos vom kiew jubil\u00e4umsfest \u2013 teil 1\" href=\"http:\/\/www.kiew.org\/news\/kiew-patientenakten-2014\/livevideos-vom-kiew-jubilaeumsfest-teil-1-02-18\/\">KLICK<\/a><\/p>\n<p>Two more livevideos recorded at the <KiEw Jubil\u00e4umsfest on December 14, 2013 at Anna &amp; Arthur in L\u00fcneburg.\n<\/p>\n","protected":false},"excerpt":{"rendered":"<p><!--:de-->Weitere Livevideos vom KiEw Jubil\u00e4umsfest 2013 in L\u00fcneburg&#8230;<!--:--><!--:en-->Some more livevideos from the KiEw anniversary fest 2013 in L\u00fcneburg&#8230;<!--:--><\/p>\n","protected":false},"author":2,"featured_media":3908,"comment_status":"closed","ping_status":"closed","sticky":false,"template":"","format":"standard","meta":{"_acf_changed":false,"ngg_post_thumbnail":0,"footnotes":""},"categories":[124],"tags":[237,529,32,528,3,49,42,239,43,653],"class_list":["post-3903","post","type-post","status-publish","format-standard","has-post-thumbnail","hentry","category-video","tag-anniversary","tag-fest","tag-jubilaum","tag-jubilaumsfest","tag-kiew","tag-konzert","tag-live","tag-lueneburg","tag-show","tag-video"],"acf":[],"yoast_head":"<!-- This site is optimized with the Yoast SEO plugin v27.2 - https:\/\/yoast.com\/product\/yoast-seo-wordpress\/ -->\n<title>livevideos vom kiew jubil\u00e4umsfest - teil 2 - KiEw<\/title>\n<meta name=\"robots\" content=\"index, follow, max-snippet:-1, max-image-preview:large, max-video-preview:-1\" \/>\n<link rel=\"canonical\" href=\"https:\/\/www.kiew.org\/news\/kiew-patientenakten-2014\/livevideos-vom-kiew-jubilaeumsfest-teil-2-02-21\/\" \/>\n<meta property=\"og:locale\" content=\"de_DE\" \/>\n<meta property=\"og:type\" content=\"article\" \/>\n<meta property=\"og:title\" content=\"livevideos vom kiew jubil\u00e4umsfest - teil 2 - KiEw\" \/>\n<meta property=\"og:description\" content=\"Weitere Livevideos vom KiEw Jubil\u00e4umsfest 2013 in L\u00fcneburg...Some more livevideos from the KiEw anniversary fest 2013 in L\u00fcneburg...\" \/>\n<meta property=\"og:url\" content=\"https:\/\/www.kiew.org\/news\/kiew-patientenakten-2014\/livevideos-vom-kiew-jubilaeumsfest-teil-2-02-21\/\" \/>\n<meta property=\"og:site_name\" content=\"KiEw\" \/>\n<meta property=\"article:publisher\" content=\"https:\/\/www.facebook.com\/kiewofficial\/\" \/>\n<meta property=\"article:published_time\" content=\"2014-02-21T12:20:18+00:00\" \/>\n<meta property=\"article:modified_time\" content=\"2019-05-11T13:52:26+00:00\" \/>\n<meta property=\"og:image\" content=\"https:\/\/www.kiew.org\/news\/wp-content\/uploads\/2014\/02\/kiewjubifest2013_lueneburg.jpg\" \/>\n\t<meta property=\"og:image:width\" content=\"800\" \/>\n\t<meta property=\"og:image:height\" content=\"526\" \/>\n\t<meta property=\"og:image:type\" content=\"image\/jpeg\" \/>\n<meta name=\"author\" content=\"mdw\" \/>\n<meta name=\"twitter:card\" content=\"summary_large_image\" \/>\n<meta name=\"twitter:creator\" content=\"@kiew\" \/>\n<meta name=\"twitter:site\" content=\"@kiew\" \/>\n<meta name=\"twitter:label1\" content=\"Verfasst von\" \/>\n\t<meta name=\"twitter:data1\" content=\"mdw\" \/>\n<script type=\"application\/ld+json\" class=\"yoast-schema-graph\">{\"@context\":\"https:\/\/schema.org\",\"@graph\":[{\"@type\":\"Article\",\"@id\":\"https:\/\/www.kiew.org\/news\/kiew-patientenakten-2014\/livevideos-vom-kiew-jubilaeumsfest-teil-2-02-21\/#article\",\"isPartOf\":{\"@id\":\"https:\/\/www.kiew.org\/news\/kiew-patientenakten-2014\/livevideos-vom-kiew-jubilaeumsfest-teil-2-02-21\/\"},\"author\":{\"name\":\"mdw\",\"@id\":\"https:\/\/www.kiew.org\/news\/#\/schema\/person\/b1530e5dc633decb7ec215e89febe34a\"},\"headline\":\"livevideos vom kiew jubil\u00e4umsfest &#8211; teil 2\",\"datePublished\":\"2014-02-21T12:20:18+00:00\",\"dateModified\":\"2019-05-11T13:52:26+00:00\",\"mainEntityOfPage\":{\"@id\":\"https:\/\/www.kiew.org\/news\/kiew-patientenakten-2014\/livevideos-vom-kiew-jubilaeumsfest-teil-2-02-21\/\"},\"wordCount\":44,\"image\":{\"@id\":\"https:\/\/www.kiew.org\/news\/kiew-patientenakten-2014\/livevideos-vom-kiew-jubilaeumsfest-teil-2-02-21\/#primaryimage\"},\"thumbnailUrl\":\"https:\/\/www.kiew.org\/news\/wp-content\/uploads\/2014\/02\/kiewjubifest2013_lueneburg.jpg\",\"keywords\":[\"anniversary\",\"fest\",\"jubil\u00e4um\",\"jubil\u00e4umsfest\",\"kiew\",\"konzert\",\"live\",\"lueneburg\",\"show\",\"video\"],\"articleSection\":[\"video\"],\"inLanguage\":\"de\"},{\"@type\":\"WebPage\",\"@id\":\"https:\/\/www.kiew.org\/news\/kiew-patientenakten-2014\/livevideos-vom-kiew-jubilaeumsfest-teil-2-02-21\/\",\"url\":\"https:\/\/www.kiew.org\/news\/kiew-patientenakten-2014\/livevideos-vom-kiew-jubilaeumsfest-teil-2-02-21\/\",\"name\":\"livevideos vom kiew jubil\u00e4umsfest - teil 2 - KiEw\",\"isPartOf\":{\"@id\":\"https:\/\/www.kiew.org\/news\/#website\"},\"primaryImageOfPage\":{\"@id\":\"https:\/\/www.kiew.org\/news\/kiew-patientenakten-2014\/livevideos-vom-kiew-jubilaeumsfest-teil-2-02-21\/#primaryimage\"},\"image\":{\"@id\":\"https:\/\/www.kiew.org\/news\/kiew-patientenakten-2014\/livevideos-vom-kiew-jubilaeumsfest-teil-2-02-21\/#primaryimage\"},\"thumbnailUrl\":\"https:\/\/www.kiew.org\/news\/wp-content\/uploads\/2014\/02\/kiewjubifest2013_lueneburg.jpg\",\"datePublished\":\"2014-02-21T12:20:18+00:00\",\"dateModified\":\"2019-05-11T13:52:26+00:00\",\"author\":{\"@id\":\"https:\/\/www.kiew.org\/news\/#\/schema\/person\/b1530e5dc633decb7ec215e89febe34a\"},\"breadcrumb\":{\"@id\":\"https:\/\/www.kiew.org\/news\/kiew-patientenakten-2014\/livevideos-vom-kiew-jubilaeumsfest-teil-2-02-21\/#breadcrumb\"},\"inLanguage\":\"de\",\"potentialAction\":[{\"@type\":\"ReadAction\",\"target\":[\"https:\/\/www.kiew.org\/news\/kiew-patientenakten-2014\/livevideos-vom-kiew-jubilaeumsfest-teil-2-02-21\/\"]}]},{\"@type\":\"ImageObject\",\"inLanguage\":\"de\",\"@id\":\"https:\/\/www.kiew.org\/news\/kiew-patientenakten-2014\/livevideos-vom-kiew-jubilaeumsfest-teil-2-02-21\/#primaryimage\",\"url\":\"https:\/\/www.kiew.org\/news\/wp-content\/uploads\/2014\/02\/kiewjubifest2013_lueneburg.jpg\",\"contentUrl\":\"https:\/\/www.kiew.org\/news\/wp-content\/uploads\/2014\/02\/kiewjubifest2013_lueneburg.jpg\",\"width\":800,\"height\":526},{\"@type\":\"BreadcrumbList\",\"@id\":\"https:\/\/www.kiew.org\/news\/kiew-patientenakten-2014\/livevideos-vom-kiew-jubilaeumsfest-teil-2-02-21\/#breadcrumb\",\"itemListElement\":[{\"@type\":\"ListItem\",\"position\":1,\"name\":\"Startseite\",\"item\":\"https:\/\/www.kiew.org\/news\/\"},{\"@type\":\"ListItem\",\"position\":2,\"name\":\"livevideos vom kiew jubil\u00e4umsfest &#8211; teil 2\"}]},{\"@type\":\"WebSite\",\"@id\":\"https:\/\/www.kiew.org\/news\/#website\",\"url\":\"https:\/\/www.kiew.org\/news\/\",\"name\":\"KiEw\",\"description\":\"Neuigkeiten aus der Anstalt\",\"potentialAction\":[{\"@type\":\"SearchAction\",\"target\":{\"@type\":\"EntryPoint\",\"urlTemplate\":\"https:\/\/www.kiew.org\/news\/?s={search_term_string}\"},\"query-input\":{\"@type\":\"PropertyValueSpecification\",\"valueRequired\":true,\"valueName\":\"search_term_string\"}}],\"inLanguage\":\"de\"},{\"@type\":\"Person\",\"@id\":\"https:\/\/www.kiew.org\/news\/#\/schema\/person\/b1530e5dc633decb7ec215e89febe34a\",\"name\":\"mdw\",\"sameAs\":[\"http:\/\/www.kiew.org\"]}]}<\/script>\n<!-- \/ Yoast SEO plugin. -->","yoast_head_json":{"title":"livevideos vom kiew jubil\u00e4umsfest - teil 2 - KiEw","robots":{"index":"index","follow":"follow","max-snippet":"max-snippet:-1","max-image-preview":"max-image-preview:large","max-video-preview":"max-video-preview:-1"},"canonical":"https:\/\/www.kiew.org\/news\/kiew-patientenakten-2014\/livevideos-vom-kiew-jubilaeumsfest-teil-2-02-21\/","og_locale":"de_DE","og_type":"article","og_title":"livevideos vom kiew jubil\u00e4umsfest - teil 2 - KiEw","og_description":"Weitere Livevideos vom KiEw Jubil\u00e4umsfest 2013 in L\u00fcneburg...Some more livevideos from the KiEw anniversary fest 2013 in L\u00fcneburg...","og_url":"https:\/\/www.kiew.org\/news\/kiew-patientenakten-2014\/livevideos-vom-kiew-jubilaeumsfest-teil-2-02-21\/","og_site_name":"KiEw","article_publisher":"https:\/\/www.facebook.com\/kiewofficial\/","article_published_time":"2014-02-21T12:20:18+00:00","article_modified_time":"2019-05-11T13:52:26+00:00","og_image":[{"width":800,"height":526,"url":"https:\/\/www.kiew.org\/news\/wp-content\/uploads\/2014\/02\/kiewjubifest2013_lueneburg.jpg","type":"image\/jpeg"}],"author":"mdw","twitter_card":"summary_large_image","twitter_creator":"@kiew","twitter_site":"@kiew","twitter_misc":{"Verfasst von":"mdw"},"schema":{"@context":"https:\/\/schema.org","@graph":[{"@type":"Article","@id":"https:\/\/www.kiew.org\/news\/kiew-patientenakten-2014\/livevideos-vom-kiew-jubilaeumsfest-teil-2-02-21\/#article","isPartOf":{"@id":"https:\/\/www.kiew.org\/news\/kiew-patientenakten-2014\/livevideos-vom-kiew-jubilaeumsfest-teil-2-02-21\/"},"author":{"name":"mdw","@id":"https:\/\/www.kiew.org\/news\/#\/schema\/person\/b1530e5dc633decb7ec215e89febe34a"},"headline":"livevideos vom kiew jubil\u00e4umsfest &#8211; teil 2","datePublished":"2014-02-21T12:20:18+00:00","dateModified":"2019-05-11T13:52:26+00:00","mainEntityOfPage":{"@id":"https:\/\/www.kiew.org\/news\/kiew-patientenakten-2014\/livevideos-vom-kiew-jubilaeumsfest-teil-2-02-21\/"},"wordCount":44,"image":{"@id":"https:\/\/www.kiew.org\/news\/kiew-patientenakten-2014\/livevideos-vom-kiew-jubilaeumsfest-teil-2-02-21\/#primaryimage"},"thumbnailUrl":"https:\/\/www.kiew.org\/news\/wp-content\/uploads\/2014\/02\/kiewjubifest2013_lueneburg.jpg","keywords":["anniversary","fest","jubil\u00e4um","jubil\u00e4umsfest","kiew","konzert","live","lueneburg","show","video"],"articleSection":["video"],"inLanguage":"de"},{"@type":"WebPage","@id":"https:\/\/www.kiew.org\/news\/kiew-patientenakten-2014\/livevideos-vom-kiew-jubilaeumsfest-teil-2-02-21\/","url":"https:\/\/www.kiew.org\/news\/kiew-patientenakten-2014\/livevideos-vom-kiew-jubilaeumsfest-teil-2-02-21\/","name":"livevideos vom kiew jubil\u00e4umsfest - teil 2 - KiEw","isPartOf":{"@id":"https:\/\/www.kiew.org\/news\/#website"},"primaryImageOfPage":{"@id":"https:\/\/www.kiew.org\/news\/kiew-patientenakten-2014\/livevideos-vom-kiew-jubilaeumsfest-teil-2-02-21\/#primaryimage"},"image":{"@id":"https:\/\/www.kiew.org\/news\/kiew-patientenakten-2014\/livevideos-vom-kiew-jubilaeumsfest-teil-2-02-21\/#primaryimage"},"thumbnailUrl":"https:\/\/www.kiew.org\/news\/wp-content\/uploads\/2014\/02\/kiewjubifest2013_lueneburg.jpg","datePublished":"2014-02-21T12:20:18+00:00","dateModified":"2019-05-11T13:52:26+00:00","author":{"@id":"https:\/\/www.kiew.org\/news\/#\/schema\/person\/b1530e5dc633decb7ec215e89febe34a"},"breadcrumb":{"@id":"https:\/\/www.kiew.org\/news\/kiew-patientenakten-2014\/livevideos-vom-kiew-jubilaeumsfest-teil-2-02-21\/#breadcrumb"},"inLanguage":"de","potentialAction":[{"@type":"ReadAction","target":["https:\/\/www.kiew.org\/news\/kiew-patientenakten-2014\/livevideos-vom-kiew-jubilaeumsfest-teil-2-02-21\/"]}]},{"@type":"ImageObject","inLanguage":"de","@id":"https:\/\/www.kiew.org\/news\/kiew-patientenakten-2014\/livevideos-vom-kiew-jubilaeumsfest-teil-2-02-21\/#primaryimage","url":"https:\/\/www.kiew.org\/news\/wp-content\/uploads\/2014\/02\/kiewjubifest2013_lueneburg.jpg","contentUrl":"https:\/\/www.kiew.org\/news\/wp-content\/uploads\/2014\/02\/kiewjubifest2013_lueneburg.jpg","width":800,"height":526},{"@type":"BreadcrumbList","@id":"https:\/\/www.kiew.org\/news\/kiew-patientenakten-2014\/livevideos-vom-kiew-jubilaeumsfest-teil-2-02-21\/#breadcrumb","itemListElement":[{"@type":"ListItem","position":1,"name":"Startseite","item":"https:\/\/www.kiew.org\/news\/"},{"@type":"ListItem","position":2,"name":"livevideos vom kiew jubil\u00e4umsfest &#8211; teil 2"}]},{"@type":"WebSite","@id":"https:\/\/www.kiew.org\/news\/#website","url":"https:\/\/www.kiew.org\/news\/","name":"KiEw","description":"Neuigkeiten aus der Anstalt","potentialAction":[{"@type":"SearchAction","target":{"@type":"EntryPoint","urlTemplate":"https:\/\/www.kiew.org\/news\/?s={search_term_string}"},"query-input":{"@type":"PropertyValueSpecification","valueRequired":true,"valueName":"search_term_string"}}],"inLanguage":"de"},{"@type":"Person","@id":"https:\/\/www.kiew.org\/news\/#\/schema\/person\/b1530e5dc633decb7ec215e89febe34a","name":"mdw","sameAs":["http:\/\/www.kiew.org"]}]}},"_links":{"self":[{"href":"https:\/\/www.kiew.org\/news\/wp-json\/wp\/v2\/posts\/3903","targetHints":{"allow":["GET"]}}],"collection":[{"href":"https:\/\/www.kiew.org\/news\/wp-json\/wp\/v2\/posts"}],"about":[{"href":"https:\/\/www.kiew.org\/news\/wp-json\/wp\/v2\/types\/post"}],"author":[{"embeddable":true,"href":"https:\/\/www.kiew.org\/news\/wp-json\/wp\/v2\/users\/2"}],"replies":[{"embeddable":true,"href":"https:\/\/www.kiew.org\/news\/wp-json\/wp\/v2\/comments?post=3903"}],"version-history":[{"count":6,"href":"https:\/\/www.kiew.org\/news\/wp-json\/wp\/v2\/posts\/3903\/revisions"}],"predecessor-version":[{"id":5116,"href":"https:\/\/www.kiew.org\/news\/wp-json\/wp\/v2\/posts\/3903\/revisions\/5116"}],"wp:featuredmedia":[{"embeddable":true,"href":"https:\/\/www.kiew.org\/news\/wp-json\/wp\/v2\/media\/3908"}],"wp:attachment":[{"href":"https:\/\/www.kiew.org\/news\/wp-json\/wp\/v2\/media?parent=3903"}],"wp:term":[{"taxonomy":"category","embeddable":true,"href":"https:\/\/www.kiew.org\/news\/wp-json\/wp\/v2\/categories?post=3903"},{"taxonomy":"post_tag","embeddable":true,"href":"https:\/\/www.kiew.org\/news\/wp-json\/wp\/v2\/tags?post=3903"}],"curies":[{"name":"wp","href":"https:\/\/api.w.org\/{rel}","templated":true}]}}