{"id":2602,"date":"2011-09-05T10:26:24","date_gmt":"2011-09-05T08:26:24","guid":{"rendered":"http:\/\/www.kiew.org\/news\/?p=2602"},"modified":"2021-06-08T18:34:40","modified_gmt":"2021-06-08T16:34:40","slug":"setliste-kiew-at-stahlklang-markthalle-hamburg-2011","status":"publish","type":"post","link":"https:\/\/www.kiew.org\/news\/kiew-patientenakten-2011\/setliste-kiew-at-stahlklang-markthalle-hamburg-2011-09-05\/","title":{"rendered":"Setliste: KiEw @ Stahlklang Markthalle Hamburg 2011"},"content":{"rendered":"<p><img loading=\"lazy\" decoding=\"async\" class=\"alignnone size-full wp-image-2598\" title=\"kiew_stahlklang_hamburg2011_620\" src=\"http:\/\/www.kiew.org\/news\/wp-content\/uploads\/2011\/09\/kiew_stahlklang_hamburg2011_620.jpg\" alt=\"\" width=\"620\" height=\"413\" srcset=\"https:\/\/www.kiew.org\/news\/wp-content\/uploads\/2011\/09\/kiew_stahlklang_hamburg2011_620.jpg 620w, https:\/\/www.kiew.org\/news\/wp-content\/uploads\/2011\/09\/kiew_stahlklang_hamburg2011_620-559x372.jpg 559w, https:\/\/www.kiew.org\/news\/wp-content\/uploads\/2011\/09\/kiew_stahlklang_hamburg2011_620-50x33.jpg 50w\" sizes=\"auto, (max-width: 620px) 100vw, 620px\" \/><\/p>\n<p>Hier noch die Setliste des KiEw-Konzertes bei der allerletzten Stahlklang Party in der Markthalle Hamburg.<\/p>\n<p><strong>KiEw @ Stahlklang, Markthalle (MarX), Hamburg \/ Deutschland, 03.09.2011<\/strong><br \/>\n<em>(mit SaturmZlide)<\/em><\/p>\n<p>01. Anstaltsordnung<br \/>\n02. Nachtwache<br \/>\n03. Exit<br \/>\n04. Graograman<br \/>\n05. K\u00e4ferfr\u00fchst\u00fcck<br \/>\n06. Therapiegespr\u00e4ch<br \/>\n07. Zimmer 72<br \/>\n08. Melancholie<br \/>\n09. Fernsprecher<br \/>\n10. Odessa<br \/>\n11. dcdisk (Lenny Dee Remix)<br \/>\n12. Staub<br \/>\n13. Stille\/Stimme [feat. SaturmZlide]<\/p>\n<p>Zugaben:<br \/>\n14. Tunnel<br \/>\n15. Unter dem Grund<br \/>\n16. Delusion<br \/>\n17. Feierabend in Kiew<\/p>\n<p>Here is the setlist of the KiEw show at the last Stahlklang party ever at the Markthalle Hamburg.<\/p>\n","protected":false},"excerpt":{"rendered":"<p><!--:de-->Hier die Setliste des KiEw-Konzertes bei der allerletzten Stahlklang Party in der Markthalle Hamburg&#8230;<!--:--><!--:en-->Here is the setlist of the KiEw show at the last Stahlklang party ever at the Markthalle Hamburg&#8230;<!--:--><\/p>\n","protected":false},"author":2,"featured_media":2598,"comment_status":"open","ping_status":"open","sticky":false,"template":"","format":"standard","meta":{"_acf_changed":false,"ngg_post_thumbnail":0,"footnotes":""},"categories":[33],"tags":[39,3,42,86,502,44,41,43,361],"class_list":["post-2602","post","type-post","status-publish","format-standard","has-post-thumbnail","hentry","category-setlisten","tag-hamburg","tag-kiew","tag-live","tag-markthalle","tag-marx","tag-setlist","tag-setliste","tag-show","tag-stahlklang"],"acf":[],"yoast_head":"<!-- This site is optimized with the Yoast SEO plugin v27.2 - https:\/\/yoast.com\/product\/yoast-seo-wordpress\/ -->\n<title>Setliste: KiEw @ Stahlklang Markthalle Hamburg 2011 - KiEw<\/title>\n<meta name=\"robots\" content=\"index, follow, max-snippet:-1, max-image-preview:large, max-video-preview:-1\" \/>\n<link rel=\"canonical\" href=\"https:\/\/www.kiew.org\/news\/kiew-patientenakten-2011\/setliste-kiew-at-stahlklang-markthalle-hamburg-2011-09-05\/\" \/>\n<meta property=\"og:locale\" content=\"de_DE\" \/>\n<meta property=\"og:type\" content=\"article\" \/>\n<meta property=\"og:title\" content=\"Setliste: KiEw @ Stahlklang Markthalle Hamburg 2011 - KiEw\" \/>\n<meta property=\"og:description\" content=\"Hier die Setliste des KiEw-Konzertes bei der allerletzten Stahlklang Party in der Markthalle Hamburg...Here is the setlist of the KiEw show at the last Stahlklang party ever at the Markthalle Hamburg...\" \/>\n<meta property=\"og:url\" content=\"https:\/\/www.kiew.org\/news\/kiew-patientenakten-2011\/setliste-kiew-at-stahlklang-markthalle-hamburg-2011-09-05\/\" \/>\n<meta property=\"og:site_name\" content=\"KiEw\" \/>\n<meta property=\"article:publisher\" content=\"https:\/\/www.facebook.com\/kiewofficial\/\" \/>\n<meta property=\"article:published_time\" content=\"2011-09-05T08:26:24+00:00\" \/>\n<meta property=\"article:modified_time\" content=\"2021-06-08T16:34:40+00:00\" \/>\n<meta property=\"og:image\" content=\"https:\/\/www.kiew.org\/news\/wp-content\/uploads\/2011\/09\/kiew_stahlklang_hamburg2011_620.jpg\" \/>\n\t<meta property=\"og:image:width\" content=\"620\" \/>\n\t<meta property=\"og:image:height\" content=\"413\" \/>\n\t<meta property=\"og:image:type\" content=\"image\/jpeg\" \/>\n<meta name=\"author\" content=\"mdw\" \/>\n<meta name=\"twitter:card\" content=\"summary_large_image\" \/>\n<meta name=\"twitter:creator\" content=\"@kiew\" \/>\n<meta name=\"twitter:site\" content=\"@kiew\" \/>\n<meta name=\"twitter:label1\" content=\"Verfasst von\" \/>\n\t<meta name=\"twitter:data1\" content=\"mdw\" \/>\n<script type=\"application\/ld+json\" class=\"yoast-schema-graph\">{\"@context\":\"https:\/\/schema.org\",\"@graph\":[{\"@type\":\"Article\",\"@id\":\"https:\/\/www.kiew.org\/news\/kiew-patientenakten-2011\/setliste-kiew-at-stahlklang-markthalle-hamburg-2011-09-05\/#article\",\"isPartOf\":{\"@id\":\"https:\/\/www.kiew.org\/news\/kiew-patientenakten-2011\/setliste-kiew-at-stahlklang-markthalle-hamburg-2011-09-05\/\"},\"author\":{\"name\":\"mdw\",\"@id\":\"https:\/\/www.kiew.org\/news\/#\/schema\/person\/b1530e5dc633decb7ec215e89febe34a\"},\"headline\":\"Setliste: KiEw @ Stahlklang Markthalle Hamburg 2011\",\"datePublished\":\"2011-09-05T08:26:24+00:00\",\"dateModified\":\"2021-06-08T16:34:40+00:00\",\"mainEntityOfPage\":{\"@id\":\"https:\/\/www.kiew.org\/news\/kiew-patientenakten-2011\/setliste-kiew-at-stahlklang-markthalle-hamburg-2011-09-05\/\"},\"wordCount\":78,\"commentCount\":0,\"image\":{\"@id\":\"https:\/\/www.kiew.org\/news\/kiew-patientenakten-2011\/setliste-kiew-at-stahlklang-markthalle-hamburg-2011-09-05\/#primaryimage\"},\"thumbnailUrl\":\"https:\/\/www.kiew.org\/news\/wp-content\/uploads\/2011\/09\/kiew_stahlklang_hamburg2011_620.jpg\",\"keywords\":[\"hamburg\",\"kiew\",\"live\",\"markthalle\",\"marx\",\"setlist\",\"setliste\",\"show\",\"stahlklang\"],\"articleSection\":[\"setlisten\"],\"inLanguage\":\"de\",\"potentialAction\":[{\"@type\":\"CommentAction\",\"name\":\"Comment\",\"target\":[\"https:\/\/www.kiew.org\/news\/kiew-patientenakten-2011\/setliste-kiew-at-stahlklang-markthalle-hamburg-2011-09-05\/#respond\"]}]},{\"@type\":\"WebPage\",\"@id\":\"https:\/\/www.kiew.org\/news\/kiew-patientenakten-2011\/setliste-kiew-at-stahlklang-markthalle-hamburg-2011-09-05\/\",\"url\":\"https:\/\/www.kiew.org\/news\/kiew-patientenakten-2011\/setliste-kiew-at-stahlklang-markthalle-hamburg-2011-09-05\/\",\"name\":\"Setliste: KiEw @ Stahlklang Markthalle Hamburg 2011 - KiEw\",\"isPartOf\":{\"@id\":\"https:\/\/www.kiew.org\/news\/#website\"},\"primaryImageOfPage\":{\"@id\":\"https:\/\/www.kiew.org\/news\/kiew-patientenakten-2011\/setliste-kiew-at-stahlklang-markthalle-hamburg-2011-09-05\/#primaryimage\"},\"image\":{\"@id\":\"https:\/\/www.kiew.org\/news\/kiew-patientenakten-2011\/setliste-kiew-at-stahlklang-markthalle-hamburg-2011-09-05\/#primaryimage\"},\"thumbnailUrl\":\"https:\/\/www.kiew.org\/news\/wp-content\/uploads\/2011\/09\/kiew_stahlklang_hamburg2011_620.jpg\",\"datePublished\":\"2011-09-05T08:26:24+00:00\",\"dateModified\":\"2021-06-08T16:34:40+00:00\",\"author\":{\"@id\":\"https:\/\/www.kiew.org\/news\/#\/schema\/person\/b1530e5dc633decb7ec215e89febe34a\"},\"breadcrumb\":{\"@id\":\"https:\/\/www.kiew.org\/news\/kiew-patientenakten-2011\/setliste-kiew-at-stahlklang-markthalle-hamburg-2011-09-05\/#breadcrumb\"},\"inLanguage\":\"de\",\"potentialAction\":[{\"@type\":\"ReadAction\",\"target\":[\"https:\/\/www.kiew.org\/news\/kiew-patientenakten-2011\/setliste-kiew-at-stahlklang-markthalle-hamburg-2011-09-05\/\"]}]},{\"@type\":\"ImageObject\",\"inLanguage\":\"de\",\"@id\":\"https:\/\/www.kiew.org\/news\/kiew-patientenakten-2011\/setliste-kiew-at-stahlklang-markthalle-hamburg-2011-09-05\/#primaryimage\",\"url\":\"https:\/\/www.kiew.org\/news\/wp-content\/uploads\/2011\/09\/kiew_stahlklang_hamburg2011_620.jpg\",\"contentUrl\":\"https:\/\/www.kiew.org\/news\/wp-content\/uploads\/2011\/09\/kiew_stahlklang_hamburg2011_620.jpg\",\"width\":620,\"height\":413},{\"@type\":\"BreadcrumbList\",\"@id\":\"https:\/\/www.kiew.org\/news\/kiew-patientenakten-2011\/setliste-kiew-at-stahlklang-markthalle-hamburg-2011-09-05\/#breadcrumb\",\"itemListElement\":[{\"@type\":\"ListItem\",\"position\":1,\"name\":\"Startseite\",\"item\":\"https:\/\/www.kiew.org\/news\/\"},{\"@type\":\"ListItem\",\"position\":2,\"name\":\"Setliste: KiEw @ Stahlklang Markthalle Hamburg 2011\"}]},{\"@type\":\"WebSite\",\"@id\":\"https:\/\/www.kiew.org\/news\/#website\",\"url\":\"https:\/\/www.kiew.org\/news\/\",\"name\":\"KiEw\",\"description\":\"Neuigkeiten aus der Anstalt\",\"potentialAction\":[{\"@type\":\"SearchAction\",\"target\":{\"@type\":\"EntryPoint\",\"urlTemplate\":\"https:\/\/www.kiew.org\/news\/?s={search_term_string}\"},\"query-input\":{\"@type\":\"PropertyValueSpecification\",\"valueRequired\":true,\"valueName\":\"search_term_string\"}}],\"inLanguage\":\"de\"},{\"@type\":\"Person\",\"@id\":\"https:\/\/www.kiew.org\/news\/#\/schema\/person\/b1530e5dc633decb7ec215e89febe34a\",\"name\":\"mdw\",\"sameAs\":[\"http:\/\/www.kiew.org\"]}]}<\/script>\n<!-- \/ Yoast SEO plugin. -->","yoast_head_json":{"title":"Setliste: KiEw @ Stahlklang Markthalle Hamburg 2011 - KiEw","robots":{"index":"index","follow":"follow","max-snippet":"max-snippet:-1","max-image-preview":"max-image-preview:large","max-video-preview":"max-video-preview:-1"},"canonical":"https:\/\/www.kiew.org\/news\/kiew-patientenakten-2011\/setliste-kiew-at-stahlklang-markthalle-hamburg-2011-09-05\/","og_locale":"de_DE","og_type":"article","og_title":"Setliste: KiEw @ Stahlklang Markthalle Hamburg 2011 - KiEw","og_description":"Hier die Setliste des KiEw-Konzertes bei der allerletzten Stahlklang Party in der Markthalle Hamburg...Here is the setlist of the KiEw show at the last Stahlklang party ever at the Markthalle Hamburg...","og_url":"https:\/\/www.kiew.org\/news\/kiew-patientenakten-2011\/setliste-kiew-at-stahlklang-markthalle-hamburg-2011-09-05\/","og_site_name":"KiEw","article_publisher":"https:\/\/www.facebook.com\/kiewofficial\/","article_published_time":"2011-09-05T08:26:24+00:00","article_modified_time":"2021-06-08T16:34:40+00:00","og_image":[{"width":620,"height":413,"url":"https:\/\/www.kiew.org\/news\/wp-content\/uploads\/2011\/09\/kiew_stahlklang_hamburg2011_620.jpg","type":"image\/jpeg"}],"author":"mdw","twitter_card":"summary_large_image","twitter_creator":"@kiew","twitter_site":"@kiew","twitter_misc":{"Verfasst von":"mdw"},"schema":{"@context":"https:\/\/schema.org","@graph":[{"@type":"Article","@id":"https:\/\/www.kiew.org\/news\/kiew-patientenakten-2011\/setliste-kiew-at-stahlklang-markthalle-hamburg-2011-09-05\/#article","isPartOf":{"@id":"https:\/\/www.kiew.org\/news\/kiew-patientenakten-2011\/setliste-kiew-at-stahlklang-markthalle-hamburg-2011-09-05\/"},"author":{"name":"mdw","@id":"https:\/\/www.kiew.org\/news\/#\/schema\/person\/b1530e5dc633decb7ec215e89febe34a"},"headline":"Setliste: KiEw @ Stahlklang Markthalle Hamburg 2011","datePublished":"2011-09-05T08:26:24+00:00","dateModified":"2021-06-08T16:34:40+00:00","mainEntityOfPage":{"@id":"https:\/\/www.kiew.org\/news\/kiew-patientenakten-2011\/setliste-kiew-at-stahlklang-markthalle-hamburg-2011-09-05\/"},"wordCount":78,"commentCount":0,"image":{"@id":"https:\/\/www.kiew.org\/news\/kiew-patientenakten-2011\/setliste-kiew-at-stahlklang-markthalle-hamburg-2011-09-05\/#primaryimage"},"thumbnailUrl":"https:\/\/www.kiew.org\/news\/wp-content\/uploads\/2011\/09\/kiew_stahlklang_hamburg2011_620.jpg","keywords":["hamburg","kiew","live","markthalle","marx","setlist","setliste","show","stahlklang"],"articleSection":["setlisten"],"inLanguage":"de","potentialAction":[{"@type":"CommentAction","name":"Comment","target":["https:\/\/www.kiew.org\/news\/kiew-patientenakten-2011\/setliste-kiew-at-stahlklang-markthalle-hamburg-2011-09-05\/#respond"]}]},{"@type":"WebPage","@id":"https:\/\/www.kiew.org\/news\/kiew-patientenakten-2011\/setliste-kiew-at-stahlklang-markthalle-hamburg-2011-09-05\/","url":"https:\/\/www.kiew.org\/news\/kiew-patientenakten-2011\/setliste-kiew-at-stahlklang-markthalle-hamburg-2011-09-05\/","name":"Setliste: KiEw @ Stahlklang Markthalle Hamburg 2011 - KiEw","isPartOf":{"@id":"https:\/\/www.kiew.org\/news\/#website"},"primaryImageOfPage":{"@id":"https:\/\/www.kiew.org\/news\/kiew-patientenakten-2011\/setliste-kiew-at-stahlklang-markthalle-hamburg-2011-09-05\/#primaryimage"},"image":{"@id":"https:\/\/www.kiew.org\/news\/kiew-patientenakten-2011\/setliste-kiew-at-stahlklang-markthalle-hamburg-2011-09-05\/#primaryimage"},"thumbnailUrl":"https:\/\/www.kiew.org\/news\/wp-content\/uploads\/2011\/09\/kiew_stahlklang_hamburg2011_620.jpg","datePublished":"2011-09-05T08:26:24+00:00","dateModified":"2021-06-08T16:34:40+00:00","author":{"@id":"https:\/\/www.kiew.org\/news\/#\/schema\/person\/b1530e5dc633decb7ec215e89febe34a"},"breadcrumb":{"@id":"https:\/\/www.kiew.org\/news\/kiew-patientenakten-2011\/setliste-kiew-at-stahlklang-markthalle-hamburg-2011-09-05\/#breadcrumb"},"inLanguage":"de","potentialAction":[{"@type":"ReadAction","target":["https:\/\/www.kiew.org\/news\/kiew-patientenakten-2011\/setliste-kiew-at-stahlklang-markthalle-hamburg-2011-09-05\/"]}]},{"@type":"ImageObject","inLanguage":"de","@id":"https:\/\/www.kiew.org\/news\/kiew-patientenakten-2011\/setliste-kiew-at-stahlklang-markthalle-hamburg-2011-09-05\/#primaryimage","url":"https:\/\/www.kiew.org\/news\/wp-content\/uploads\/2011\/09\/kiew_stahlklang_hamburg2011_620.jpg","contentUrl":"https:\/\/www.kiew.org\/news\/wp-content\/uploads\/2011\/09\/kiew_stahlklang_hamburg2011_620.jpg","width":620,"height":413},{"@type":"BreadcrumbList","@id":"https:\/\/www.kiew.org\/news\/kiew-patientenakten-2011\/setliste-kiew-at-stahlklang-markthalle-hamburg-2011-09-05\/#breadcrumb","itemListElement":[{"@type":"ListItem","position":1,"name":"Startseite","item":"https:\/\/www.kiew.org\/news\/"},{"@type":"ListItem","position":2,"name":"Setliste: KiEw @ Stahlklang Markthalle Hamburg 2011"}]},{"@type":"WebSite","@id":"https:\/\/www.kiew.org\/news\/#website","url":"https:\/\/www.kiew.org\/news\/","name":"KiEw","description":"Neuigkeiten aus der Anstalt","potentialAction":[{"@type":"SearchAction","target":{"@type":"EntryPoint","urlTemplate":"https:\/\/www.kiew.org\/news\/?s={search_term_string}"},"query-input":{"@type":"PropertyValueSpecification","valueRequired":true,"valueName":"search_term_string"}}],"inLanguage":"de"},{"@type":"Person","@id":"https:\/\/www.kiew.org\/news\/#\/schema\/person\/b1530e5dc633decb7ec215e89febe34a","name":"mdw","sameAs":["http:\/\/www.kiew.org"]}]}},"_links":{"self":[{"href":"https:\/\/www.kiew.org\/news\/wp-json\/wp\/v2\/posts\/2602","targetHints":{"allow":["GET"]}}],"collection":[{"href":"https:\/\/www.kiew.org\/news\/wp-json\/wp\/v2\/posts"}],"about":[{"href":"https:\/\/www.kiew.org\/news\/wp-json\/wp\/v2\/types\/post"}],"author":[{"embeddable":true,"href":"https:\/\/www.kiew.org\/news\/wp-json\/wp\/v2\/users\/2"}],"replies":[{"embeddable":true,"href":"https:\/\/www.kiew.org\/news\/wp-json\/wp\/v2\/comments?post=2602"}],"version-history":[{"count":11,"href":"https:\/\/www.kiew.org\/news\/wp-json\/wp\/v2\/posts\/2602\/revisions"}],"predecessor-version":[{"id":5444,"href":"https:\/\/www.kiew.org\/news\/wp-json\/wp\/v2\/posts\/2602\/revisions\/5444"}],"wp:featuredmedia":[{"embeddable":true,"href":"https:\/\/www.kiew.org\/news\/wp-json\/wp\/v2\/media\/2598"}],"wp:attachment":[{"href":"https:\/\/www.kiew.org\/news\/wp-json\/wp\/v2\/media?parent=2602"}],"wp:term":[{"taxonomy":"category","embeddable":true,"href":"https:\/\/www.kiew.org\/news\/wp-json\/wp\/v2\/categories?post=2602"},{"taxonomy":"post_tag","embeddable":true,"href":"https:\/\/www.kiew.org\/news\/wp-json\/wp\/v2\/tags?post=2602"}],"curies":[{"name":"wp","href":"https:\/\/api.w.org\/{rel}","templated":true}]}}